{"id":935,"date":"2014-04-28T21:06:00","date_gmt":"2014-04-28T21:06:00","guid":{"rendered":"http:\/\/www.centronocaminhodaluz.com.br\/index.php\/2014\/04\/28\/a-dimensao-mais-profunda-da-beleza\/"},"modified":"2014-04-28T21:06:00","modified_gmt":"2014-04-28T21:06:00","slug":"artigo935","status":"publish","type":"post","link":"https:\/\/www.centronocaminhodaluz.com.br\/index.php\/artigo935\/","title":{"rendered":"A dimensao mais profunda da beleza"},"content":{"rendered":"<p><a name=more><\/a>&nbsp;&nbsp;&nbsp;&nbsp;&nbsp;<a href=http:\/\/cecal.centronocaminhodaluz.com.br\/bloguer\/pdf.asp?site=cecal&amp; target=_blank><img src=http:\/\/cecal.centronocaminhodaluz.com.br\/bloguer\/pdf_button.png \/><\/a>  Aos quinze anos, costumamos ficar em frente ao espelho, pesquisando cada pedacinho de nosso rosto.  <\/p>\n<p>Entramos em desespero quando achamos que nosso nariz \u00e9 muito grande, ou porque mais uma espinha est\u00e1 surgindo.  <\/p>\n<p>Em verdade, nunca estamos satisfeitos com nossa apar\u00eancia, principalmente, quando aquela pessoa pela qual somos apaixonados, parece nem saber que existimos&#8230;  <\/p>\n<p>Alison n\u00e3o conhecia esses problemas. Era bonita, simp\u00e1tica, popular e inteligente, campe\u00e3 de nata\u00e7\u00e3o da escola.  <\/p>\n<p>Alta, corpo esbelto, olhos de um profundo azul-piscina e lindos cabelos louros, mais parecia uma modelo do que uma estudante comum.  <\/p>\n<p>Mas, durante o ver\u00e3o, alguma coisa mudou.  <\/p>\n<p>Um dia, ao enxugar o ca   belo, ela notou uma falha no couro cabeludo. Aquilo a intrigou. Depois, esqueceu o incidente.  <\/p>\n<p>Tr\u00eas meses depois, uma outra falha no couro cabeludo. E outra, e mais outra. Em pouco tempo, sua cabe\u00e7a estava repleta de falhas de cabelo.  <\/p>\n<p>Os diagn\u00f3sticos e os tratamentos se multiplicaram at\u00e9 descobrir que sofria de uma doen\u00e7a chamada alop\u00e9cia e nada poderia deter seu curso.  <\/p>\n<p>Como era muito querida, os amigos a apoiaram. Certo dia, vendo os cabelos espessos e luminosos da sua irm\u00e3 a lhe ca\u00edrem sobre os ombros, chorou, dando vaz\u00e3o \u00e0 tristeza que sentia.  <\/p>\n<p>Naquele momento, teve uma percep\u00e7\u00e3o profunda: havia uma escolha a fazer. Ela n\u00e3o podia deixar que o problema com o cabelo a dominasse a ponto de lhe tirar o gosto de viver. Afinal, ela era muito mais do que o seu cabelo.  <\/p>\n<p>Decidiu assumir sua condi\u00e7\u00e3o e procurar solu\u00e7\u00f5es. Comprou v\u00e1rias perucas de cores e tamanhos diferentes, que usava de acordo com a ocasi\u00e3o e com seu estado de esp\u00edrito.  <b   r>  <br \/>Voltou para a escola no outono &#8211; sem cabelo, sem sobrancelhas, sem c\u00edlios e deixando as perucas esquecidas no fundo do arm\u00e1rio.  <\/p>\n<p>Como sempre planejara, ela se candidatou a representante da escola e acrescentou ao seu discurso de campanha, slides de l\u00edderes carecas, como Gandhi.  <\/p>\n<p>Os alunos riram muito da ideia. No primeiro discurso, ap\u00f3s a vit\u00f3ria, ela se dirigiu \u00e0 audi\u00eancia, contando seus planos como representante. Ao final, acrescentou:  <\/p>\n<p>Gostaria de compartilhar algo muito particular. Todos presenciaram o problema que tive que enfrentar e agrade\u00e7o do fundo do cora\u00e7\u00e3o o apoio e a for\u00e7a que me deram.  <\/p>\n<p>Eles foram fundamentais para que essa experi\u00eancia promovesse uma descoberta da maior import\u00e2ncia na minha vida: de que a beleza se encontra numa dimens\u00e3o muito mais profunda do que o nosso aspecto exterior.  <\/p>\n<p>N\u00e3o vou negar que sinto falta do meu cabelo, e que, \u00e0s vezes, sofro com a sua perda. Mas quero lhes afirmar com toda a sinceri   dade: sou grata por ter descoberto que o amor \u00e9 o valor essencial e que depende exclusivamente de mim desenvolv\u00ea-lo. Obrigada, meus amigos.  <\/p>\n<p>Todos vibraram e aplaudiram.  <\/p>\n<p>E Alison, linda, popular e inteligente, com seus olhos azul-piscina, do alto da tribuna, sorriu e agradeceu.  <\/p>\n<p>Ela havia descoberto a dimens\u00e3o mais profunda da beleza&#8230;  <\/p>\n<p>Reda\u00e7\u00e3o do Momento Esp\u00edrita, com base no cap. A  <br \/>beleza verdadeira, de Alison Lambert e Jennifer  <br \/>Rosenfeld, do livro Hist\u00f3rias para aquecer o cora\u00e7\u00e3o, v.  <br \/>2, de Jack Canfield e Mark Victor Hansen, ed. Sextante.  <br \/>Em 25.4.2014.<\/p>\n<div class=\"pvc_clear\"><\/div>\n<p id=\"pvc_stats_935\" class=\"pvc_stats all  \" data-element-id=\"935\" style=\"\"><i class=\"pvc-stats-icon medium\" aria-hidden=\"true\"><svg aria-hidden=\"true\" focusable=\"false\" data-prefix=\"far\" data-icon=\"chart-bar\" role=\"img\" xmlns=\"http:\/\/www.w3.org\/2000\/svg\" viewBox=\"0 0 512 512\" class=\"svg-inline--fa fa-chart-bar fa-w-16 fa-2x\"><path fill=\"currentColor\" d=\"M396.8 352h22.4c6.4 0 12.8-6.4 12.8-12.8V108.8c0-6.4-6.4-12.8-12.8-12.8h-22.4c-6.4 0-12.8 6.4-12.8 12.8v230.4c0 6.4 6.4 12.8 12.8 12.8zm-192 0h22.4c6.4 0 12.8-6.4 12.8-12.8V140.8c0-6.4-6.4-12.8-12.8-12.8h-22.4c-6.4 0-12.8 6.4-12.8 12.8v198.4c0 6.4 6.4 12.8 12.8 12.8zm96 0h22.4c6.4 0 12.8-6.4 12.8-12.8V204.8c0-6.4-6.4-12.8-12.8-12.8h-22.4c-6.4 0-12.8 6.4-12.8 12.8v134.4c0 6.4 6.4 12.8 12.8 12.8zM496 400H48V80c0-8.84-7.16-16-16-16H16C7.16 64 0 71.16 0 80v336c0 17.67 14.33 32 32 32h464c8.84 0 16-7.16 16-16v-16c0-8.84-7.16-16-16-16zm-387.2-48h22.4c6.4 0 12.8-6.4 12.8-12.8v-70.4c0-6.4-6.4-12.8-12.8-12.8h-22.4c-6.4 0-12.8 6.4-12.8 12.8v70.4c0 6.4 6.4 12.8 12.8 12.8z\" class=\"\"><\/path><\/svg><\/i> <img decoding=\"async\" width=\"16\" height=\"16\" alt=\"Loading\" data-src=\"https:\/\/www.centronocaminhodaluz.com.br\/wp-content\/plugins\/page-views-count\/ajax-loader-2x.gif\" border=0 src=\"data:image\/svg+xml;base64,PHN2ZyB3aWR0aD0iMSIgaGVpZ2h0PSIxIiB4bWxucz0iaHR0cDovL3d3dy53My5vcmcvMjAwMC9zdmciPjwvc3ZnPg==\" class=\"lazyload\" style=\"--smush-placeholder-width: 16px; --smush-placeholder-aspect-ratio: 16\/16;\" \/><\/p>\n<div class=\"pvc_clear\"><\/div>\n","protected":false},"excerpt":{"rendered":"<p>&nbsp;&nbsp;&nbsp;&nbsp;&nbsp; Aos quinze anos, costumamos ficar em frente ao espelho, pesquisando cada pedacinho de nosso rosto. Entramos em desespero quando achamos que nosso nariz \u00e9 muito grande, ou porque mais uma espinha est\u00e1 surgindo. Em verdade, nunca estamos satisfeitos com nossa apar\u00eancia, principalmente, quando aquela pessoa pela qual somos apaixonados, parece nem saber que existimos&#8230;&hellip; <br \/> <a class=\"read-more\" href=\"https:\/\/www.centronocaminhodaluz.com.br\/index.php\/artigo935\/\">Leia mais<\/a><\/p>\n<div class=\"pvc_clear\"><\/div>\n<p id=\"pvc_stats_935\" class=\"pvc_stats all  \" data-element-id=\"935\" style=\"\"><i class=\"pvc-stats-icon medium\" aria-hidden=\"true\"><svg aria-hidden=\"true\" focusable=\"false\" data-prefix=\"far\" data-icon=\"chart-bar\" role=\"img\" xmlns=\"http:\/\/www.w3.org\/2000\/svg\" viewBox=\"0 0 512 512\" class=\"svg-inline--fa fa-chart-bar fa-w-16 fa-2x\"><path fill=\"currentColor\" d=\"M396.8 352h22.4c6.4 0 12.8-6.4 12.8-12.8V108.8c0-6.4-6.4-12.8-12.8-12.8h-22.4c-6.4 0-12.8 6.4-12.8 12.8v230.4c0 6.4 6.4 12.8 12.8 12.8zm-192 0h22.4c6.4 0 12.8-6.4 12.8-12.8V140.8c0-6.4-6.4-12.8-12.8-12.8h-22.4c-6.4 0-12.8 6.4-12.8 12.8v198.4c0 6.4 6.4 12.8 12.8 12.8zm96 0h22.4c6.4 0 12.8-6.4 12.8-12.8V204.8c0-6.4-6.4-12.8-12.8-12.8h-22.4c-6.4 0-12.8 6.4-12.8 12.8v134.4c0 6.4 6.4 12.8 12.8 12.8zM496 400H48V80c0-8.84-7.16-16-16-16H16C7.16 64 0 71.16 0 80v336c0 17.67 14.33 32 32 32h464c8.84 0 16-7.16 16-16v-16c0-8.84-7.16-16-16-16zm-387.2-48h22.4c6.4 0 12.8-6.4 12.8-12.8v-70.4c0-6.4-6.4-12.8-12.8-12.8h-22.4c-6.4 0-12.8 6.4-12.8 12.8v70.4c0 6.4 6.4 12.8 12.8 12.8z\" class=\"\"><\/path><\/svg><\/i> <img decoding=\"async\" width=\"16\" height=\"16\" alt=\"Loading\" data-src=\"https:\/\/www.centronocaminhodaluz.com.br\/wp-content\/plugins\/page-views-count\/ajax-loader-2x.gif\" border=0 src=\"data:image\/svg+xml;base64,PHN2ZyB3aWR0aD0iMSIgaGVpZ2h0PSIxIiB4bWxucz0iaHR0cDovL3d3dy53My5vcmcvMjAwMC9zdmciPjwvc3ZnPg==\" class=\"lazyload\" style=\"--smush-placeholder-width: 16px; --smush-placeholder-aspect-ratio: 16\/16;\" \/><\/p>\n<div class=\"pvc_clear\"><\/div>\n","protected":false},"author":1,"featured_media":0,"comment_status":"Closed","ping_status":"open","sticky":false,"template":"","format":"standard","meta":{"footnotes":""},"categories":[16],"tags":[],"class_list":["post-935","post","type-post","status-publish","format-standard","hentry","category-mensagens-diversas"],"a3_pvc":{"activated":true,"total_views":2836,"today_views":0},"_links":{"self":[{"href":"https:\/\/www.centronocaminhodaluz.com.br\/index.php\/wp-json\/wp\/v2\/posts\/935","targetHints":{"allow":["GET"]}}],"collection":[{"href":"https:\/\/www.centronocaminhodaluz.com.br\/index.php\/wp-json\/wp\/v2\/posts"}],"about":[{"href":"https:\/\/www.centronocaminhodaluz.com.br\/index.php\/wp-json\/wp\/v2\/types\/post"}],"author":[{"embeddable":true,"href":"https:\/\/www.centronocaminhodaluz.com.br\/index.php\/wp-json\/wp\/v2\/users\/1"}],"replies":[{"embeddable":true,"href":"https:\/\/www.centronocaminhodaluz.com.br\/index.php\/wp-json\/wp\/v2\/comments?post=935"}],"version-history":[{"count":0,"href":"https:\/\/www.centronocaminhodaluz.com.br\/index.php\/wp-json\/wp\/v2\/posts\/935\/revisions"}],"wp:attachment":[{"href":"https:\/\/www.centronocaminhodaluz.com.br\/index.php\/wp-json\/wp\/v2\/media?parent=935"}],"wp:term":[{"taxonomy":"category","embeddable":true,"href":"https:\/\/www.centronocaminhodaluz.com.br\/index.php\/wp-json\/wp\/v2\/categories?post=935"},{"taxonomy":"post_tag","embeddable":true,"href":"https:\/\/www.centronocaminhodaluz.com.br\/index.php\/wp-json\/wp\/v2\/tags?post=935"}],"curies":[{"name":"wp","href":"https:\/\/api.w.org\/{rel}","templated":true}]}}