{"id":945,"date":"2014-04-21T13:46:00","date_gmt":"2014-04-21T13:46:00","guid":{"rendered":"http:\/\/www.centronocaminhodaluz.com.br\/index.php\/2014\/04\/21\/um-abraco\/"},"modified":"2014-04-21T13:46:00","modified_gmt":"2014-04-21T13:46:00","slug":"artigo945","status":"publish","type":"post","link":"https:\/\/www.centronocaminhodaluz.com.br\/index.php\/artigo945\/","title":{"rendered":"Um abraco"},"content":{"rendered":"<p><a name=more><\/a>&nbsp;&nbsp;&nbsp;&nbsp;&nbsp;<a href=http:\/\/cecal.centronocaminhodaluz.com.br\/bloguer\/pdf.asp?site=cecal&amp; target=_blank><img src=http:\/\/cecal.centronocaminhodaluz.com.br\/bloguer\/pdf_button.png \/><\/a>  O que voc\u00ea faz quando est\u00e1 com dor de cabe\u00e7a, ou quando est\u00e1 chateado?  <\/p>\n<p>Ser\u00e1 que existe algum rem\u00e9dio para aliviar a maioria dos problemas f\u00edsicos e emocionais?  <\/p>\n<p>Pois \u00e9, durante muito tempo estivemos \u00e0 procura de alguma coisa que nos rejuvenescesse, que prolongasse nosso bom humor, que nos protegesse contra doen\u00e7as, que curasse nossa depress\u00e3o e que nos aliviasse o estresse.  <\/p>\n<p>Sim, alguma coisa que fortalecesse nossos la\u00e7os afetivos e que, inclusive, nos ajudasse a adormecer tranquilos.  <\/p>\n<p>Encontramos! O rem\u00e9dio j\u00e1 havia sido descoberto e estava \u00e0 nossa disposi\u00e7\u00e3o. O mais impressionante de tudo \u00e9 que n\u00e3o custa nada.  <\/p>\n<p>Ali\u00e1s, custa sim, custa abrir m\u00e3o de um pouco de orgulho, um pouco de    pretens\u00e3o de ser autossuficiente, um pouco de vontade de viver do jeito que queremos, sem depender dos outros.  <\/p>\n<p>\u00c9 o abra\u00e7o. O abra\u00e7o \u00e9 milagroso. \u00c9 medicina realmente muito forte. O abra\u00e7o, como sinal de afetividade e de carinho, pode nos ajudar a viver mais tempo, proteger-nos contra doen\u00e7as, curar a depress\u00e3o, fortificar os la\u00e7os afetivos.  <\/p>\n<p>O abra\u00e7o \u00e9 um excelente t\u00f4nico. Hoje, sabemos que a pessoa deprimida \u00e9 bem mais suscet\u00edvel a doen\u00e7as. O abra\u00e7o diminui a depress\u00e3o e revigora o sistema imunol\u00f3gico.  <\/p>\n<p>O abra\u00e7o injeta nova vida nos corpos cansados e fatigados, e a pessoa abra\u00e7ada sente-se mais jovem e vibrante. O uso regular do abra\u00e7o prolonga a vida e estimula a vontade de viver.  <\/p>\n<p>Ouvimos, h\u00e1 algum tempo, a teoria muito interessante de uma psic\u00f3loga americana, dizendo que se precisa de quatro abra\u00e7os por dia para sobreviver, oito abra\u00e7os para manter-se vivo e doze abra\u00e7os por dia para prosperar.  <\/p>\n<p>E o mais bonito \u00e9 que esse rem\u00e9dio    n\u00e3o tem contraindica\u00e7\u00e3o e n\u00e3o h\u00e1 maneira de d\u00e1-lo sem ganh\u00e1-lo de volta.  <\/p>\n<p>*   *   *  <\/p>\n<p>Temos visto, colado nos vidros de alguns ve\u00edculos, um adesivo muito simp\u00e1tico, dizendo: Abrace mais!  <\/p>\n<p>Eis uma proposta nobre: Abra\u00e7ar mais.  <\/p>\n<p>O contato f\u00edsico do abra\u00e7o se faz necess\u00e1rio para que as trocas de energias se deem, e para que a afetividade entre duas pessoas seja constantemente revitalizada.  <\/p>\n<p>O abra\u00e7ar mais \u00e9 um excelente come\u00e7o para aqueles de n\u00f3s que nos percebemos um tanto afastados das pessoas, um tanto frios no trato com os outros.  <\/p>\n<p>S\u00f3 quem j\u00e1 deu ou recebeu um sincero abra\u00e7o sabe o quanto este gesto, aparentemente simples, consegue dizer.  <\/p>\n<p>Muitos pedidos de perd\u00e3o foram traduzidos em abra\u00e7os&#8230;  <\/p>\n<p>Muitos dizeres eu te amo foram convertidos em abra\u00e7os.  <\/p>\n<p>Muitos sentimentos de saudade foram calados por abra\u00e7os.  <\/p>\n<p>Muitas despedidas emocionadas selaram um amor sem fim no aconchego de um abra\u00e7o.  <\/p>\n<p>   Assim, convidamos voc\u00ea a abra\u00e7ar mais.  <\/p>\n<p>Doe seu abra\u00e7o apertado para algu\u00e9m, e receba imediatamente a volta desse ato carinhoso.  <\/p>\n<p>Utilize a terapia do abra\u00e7o contra a tristeza e a depress\u00e3o.  <\/p>\n<p>Abrace, afetuosamente, a quem voc\u00ea ama e transmita as emo\u00e7\u00f5es desse seu sentimento.  <\/p>\n<p>Abrace e transmita bem-estar, paz.  <\/p>\n<p>Pense nisso! Abrace mais voc\u00ea tamb\u00e9m.  <\/p>\n<p>Reda\u00e7\u00e3o do Momento Esp\u00edrita, com base em palestras  <br \/>de Alberto Almeida, nos dias 29, 30 e 31 de mar\u00e7o  <br \/>de 2002, em Matinhos, PR e no texto Um abra\u00e7o, de  <br \/>autoria ignorada.  <br \/>Em 18.4.2014.<\/p>\n<div class=\"pvc_clear\"><\/div>\n<p id=\"pvc_stats_945\" class=\"pvc_stats all  \" data-element-id=\"945\" style=\"\"><i class=\"pvc-stats-icon medium\" aria-hidden=\"true\"><svg aria-hidden=\"true\" focusable=\"false\" data-prefix=\"far\" data-icon=\"chart-bar\" role=\"img\" xmlns=\"http:\/\/www.w3.org\/2000\/svg\" viewBox=\"0 0 512 512\" class=\"svg-inline--fa fa-chart-bar fa-w-16 fa-2x\"><path fill=\"currentColor\" d=\"M396.8 352h22.4c6.4 0 12.8-6.4 12.8-12.8V108.8c0-6.4-6.4-12.8-12.8-12.8h-22.4c-6.4 0-12.8 6.4-12.8 12.8v230.4c0 6.4 6.4 12.8 12.8 12.8zm-192 0h22.4c6.4 0 12.8-6.4 12.8-12.8V140.8c0-6.4-6.4-12.8-12.8-12.8h-22.4c-6.4 0-12.8 6.4-12.8 12.8v198.4c0 6.4 6.4 12.8 12.8 12.8zm96 0h22.4c6.4 0 12.8-6.4 12.8-12.8V204.8c0-6.4-6.4-12.8-12.8-12.8h-22.4c-6.4 0-12.8 6.4-12.8 12.8v134.4c0 6.4 6.4 12.8 12.8 12.8zM496 400H48V80c0-8.84-7.16-16-16-16H16C7.16 64 0 71.16 0 80v336c0 17.67 14.33 32 32 32h464c8.84 0 16-7.16 16-16v-16c0-8.84-7.16-16-16-16zm-387.2-48h22.4c6.4 0 12.8-6.4 12.8-12.8v-70.4c0-6.4-6.4-12.8-12.8-12.8h-22.4c-6.4 0-12.8 6.4-12.8 12.8v70.4c0 6.4 6.4 12.8 12.8 12.8z\" class=\"\"><\/path><\/svg><\/i> <img decoding=\"async\" width=\"16\" height=\"16\" alt=\"Loading\" data-src=\"https:\/\/www.centronocaminhodaluz.com.br\/wp-content\/plugins\/page-views-count\/ajax-loader-2x.gif\" border=0 src=\"data:image\/svg+xml;base64,PHN2ZyB3aWR0aD0iMSIgaGVpZ2h0PSIxIiB4bWxucz0iaHR0cDovL3d3dy53My5vcmcvMjAwMC9zdmciPjwvc3ZnPg==\" class=\"lazyload\" style=\"--smush-placeholder-width: 16px; --smush-placeholder-aspect-ratio: 16\/16;\" \/><\/p>\n<div class=\"pvc_clear\"><\/div>\n","protected":false},"excerpt":{"rendered":"<p>&nbsp;&nbsp;&nbsp;&nbsp;&nbsp; O que voc\u00ea faz quando est\u00e1 com dor de cabe\u00e7a, ou quando est\u00e1 chateado? Ser\u00e1 que existe algum rem\u00e9dio para aliviar a maioria dos problemas f\u00edsicos e emocionais? Pois \u00e9, durante muito tempo estivemos \u00e0 procura de alguma coisa que nos rejuvenescesse, que prolongasse nosso bom humor, que nos protegesse contra doen\u00e7as, que curasse&hellip; <br \/> <a class=\"read-more\" href=\"https:\/\/www.centronocaminhodaluz.com.br\/index.php\/artigo945\/\">Leia mais<\/a><\/p>\n<div class=\"pvc_clear\"><\/div>\n<p id=\"pvc_stats_945\" class=\"pvc_stats all  \" data-element-id=\"945\" style=\"\"><i class=\"pvc-stats-icon medium\" aria-hidden=\"true\"><svg aria-hidden=\"true\" focusable=\"false\" data-prefix=\"far\" data-icon=\"chart-bar\" role=\"img\" xmlns=\"http:\/\/www.w3.org\/2000\/svg\" viewBox=\"0 0 512 512\" class=\"svg-inline--fa fa-chart-bar fa-w-16 fa-2x\"><path fill=\"currentColor\" d=\"M396.8 352h22.4c6.4 0 12.8-6.4 12.8-12.8V108.8c0-6.4-6.4-12.8-12.8-12.8h-22.4c-6.4 0-12.8 6.4-12.8 12.8v230.4c0 6.4 6.4 12.8 12.8 12.8zm-192 0h22.4c6.4 0 12.8-6.4 12.8-12.8V140.8c0-6.4-6.4-12.8-12.8-12.8h-22.4c-6.4 0-12.8 6.4-12.8 12.8v198.4c0 6.4 6.4 12.8 12.8 12.8zm96 0h22.4c6.4 0 12.8-6.4 12.8-12.8V204.8c0-6.4-6.4-12.8-12.8-12.8h-22.4c-6.4 0-12.8 6.4-12.8 12.8v134.4c0 6.4 6.4 12.8 12.8 12.8zM496 400H48V80c0-8.84-7.16-16-16-16H16C7.16 64 0 71.16 0 80v336c0 17.67 14.33 32 32 32h464c8.84 0 16-7.16 16-16v-16c0-8.84-7.16-16-16-16zm-387.2-48h22.4c6.4 0 12.8-6.4 12.8-12.8v-70.4c0-6.4-6.4-12.8-12.8-12.8h-22.4c-6.4 0-12.8 6.4-12.8 12.8v70.4c0 6.4 6.4 12.8 12.8 12.8z\" class=\"\"><\/path><\/svg><\/i> <img decoding=\"async\" width=\"16\" height=\"16\" alt=\"Loading\" data-src=\"https:\/\/www.centronocaminhodaluz.com.br\/wp-content\/plugins\/page-views-count\/ajax-loader-2x.gif\" border=0 src=\"data:image\/svg+xml;base64,PHN2ZyB3aWR0aD0iMSIgaGVpZ2h0PSIxIiB4bWxucz0iaHR0cDovL3d3dy53My5vcmcvMjAwMC9zdmciPjwvc3ZnPg==\" class=\"lazyload\" style=\"--smush-placeholder-width: 16px; --smush-placeholder-aspect-ratio: 16\/16;\" \/><\/p>\n<div class=\"pvc_clear\"><\/div>\n","protected":false},"author":1,"featured_media":0,"comment_status":"Closed","ping_status":"open","sticky":false,"template":"","format":"standard","meta":{"footnotes":""},"categories":[16],"tags":[],"class_list":["post-945","post","type-post","status-publish","format-standard","hentry","category-mensagens-diversas"],"a3_pvc":{"activated":true,"total_views":2199,"today_views":0},"_links":{"self":[{"href":"https:\/\/www.centronocaminhodaluz.com.br\/index.php\/wp-json\/wp\/v2\/posts\/945","targetHints":{"allow":["GET"]}}],"collection":[{"href":"https:\/\/www.centronocaminhodaluz.com.br\/index.php\/wp-json\/wp\/v2\/posts"}],"about":[{"href":"https:\/\/www.centronocaminhodaluz.com.br\/index.php\/wp-json\/wp\/v2\/types\/post"}],"author":[{"embeddable":true,"href":"https:\/\/www.centronocaminhodaluz.com.br\/index.php\/wp-json\/wp\/v2\/users\/1"}],"replies":[{"embeddable":true,"href":"https:\/\/www.centronocaminhodaluz.com.br\/index.php\/wp-json\/wp\/v2\/comments?post=945"}],"version-history":[{"count":0,"href":"https:\/\/www.centronocaminhodaluz.com.br\/index.php\/wp-json\/wp\/v2\/posts\/945\/revisions"}],"wp:attachment":[{"href":"https:\/\/www.centronocaminhodaluz.com.br\/index.php\/wp-json\/wp\/v2\/media?parent=945"}],"wp:term":[{"taxonomy":"category","embeddable":true,"href":"https:\/\/www.centronocaminhodaluz.com.br\/index.php\/wp-json\/wp\/v2\/categories?post=945"},{"taxonomy":"post_tag","embeddable":true,"href":"https:\/\/www.centronocaminhodaluz.com.br\/index.php\/wp-json\/wp\/v2\/tags?post=945"}],"curies":[{"name":"wp","href":"https:\/\/api.w.org\/{rel}","templated":true}]}}