{"id":948,"date":"2014-04-21T13:42:00","date_gmt":"2014-04-21T13:42:00","guid":{"rendered":"http:\/\/www.centronocaminhodaluz.com.br\/index.php\/2014\/04\/21\/quando-me-amo\/"},"modified":"2014-04-21T13:42:00","modified_gmt":"2014-04-21T13:42:00","slug":"artigo948","status":"publish","type":"post","link":"https:\/\/www.centronocaminhodaluz.com.br\/index.php\/artigo948\/","title":{"rendered":"Quando me amo"},"content":{"rendered":"<p><a name=more><\/a>&nbsp;&nbsp;&nbsp;&nbsp;&nbsp;<a href=http:\/\/cecal.centronocaminhodaluz.com.br\/bloguer\/pdf.asp?site=cecal&amp; target=_blank><img src=http:\/\/cecal.centronocaminhodaluz.com.br\/bloguer\/pdf_button.png \/><\/a>  Quando me amo&#8230;  <\/p>\n<p>Acendo uma luz que clareia meus por\u00f5es esquecidos, deixando para tr\u00e1s os erros e derrotas de tempos idos, e volto a respirar.  <\/p>\n<p>Quando me amo&#8230;  <\/p>\n<p>Aprendo a olhar para dentro, descobrindo-me em parte pot\u00eancia, em parte possibilidade &#8211; aquilo que j\u00e1 sou, aquilo que serei; onde j\u00e1 estou, onde quero estar.  <\/p>\n<p>Quando me amo&#8230;  <\/p>\n<p>Acolho-me feito m\u00e3e acolhe um filho ferido: dando colo, amparando o choro, aconselhando a refazer os caminhos. N\u00e3o me engole a culpa; n\u00e3o me desestimula a derrota.  <\/p>\n<p>Quando me amo&#8230;  <\/p>\n<p>Cuido do corpo, como o lavrador cuida de sua enxada &#8211; instrumento preciso de trabalho e de vida adorada.  <\/p>\n<p>Cuido tamb\u00e9m da nutri\u00e7\u00e3o da alma: o    que escolho assistir, o que escolho ler, pensar e dizer.  <\/p>\n<p>Quando me amo&#8230;  <\/p>\n<p>Vejo minh\u00b4alma como a escultura debaixo do m\u00e1rmore de Michelangelo, e entendo que a dor \u00e9 cinzel que vai retirando um pouco aqui, um pouco l\u00e1, at\u00e9 que tudo se transforme em belo Davi.  <\/p>\n<p>Quando me amo&#8230;  <\/p>\n<p>Clareio tamb\u00e9m a tua face, pois toda luz n\u00e3o fica guardada, n\u00e3o h\u00e1 quem disfarce, um farol a reluzir sobre um monte erguido no ar.  <\/p>\n<p>Quando me amo&#8230;  <\/p>\n<p>Inspiro o teu autoamor, para que possas te amar e crescer, assim  como nova flor, que um dia foi broto, que um dia foi semente, que um dia foi sonho de florescer.  <\/p>\n<p>Quando me amo&#8230;  <\/p>\n<p>Amo-te com mais profundidade, pois conhecendo-me, conhe\u00e7o-te melhor tamb\u00e9m.  <\/p>\n<p>*   *   *  <\/p>\n<p>A proposta de Jesus em torno do amor \u00e9 das mais belas psicoterapias que existe:  <\/p>\n<p>Amar a Deus sobre todas as coisas e ao pr\u00f3ximo como a si mesmo, numa trilogia harm\u00f4nica.  <\/p>\n<p>Como ainda temos dific   uldade em conceber o absoluto, para nos adequarmos \u00e0 proposi\u00e7\u00e3o cr\u00edstica, invertemos a ordem do mandamento, amando-nos de in\u00edcio, a fim de desenvolver as aptid\u00f5es que dormem em lat\u00eancia e acumularmos valores iluminativos, ao longo dos dias.  <\/p>\n<p>Assim, nosso grande caminho de amor precisa come\u00e7ar com o autoamor, pois sem autoamar-se, o homem n\u00e3o consegue amar ao seu pr\u00f3ximo e t\u00e3o pouco amar o Criador.  <\/p>\n<p>Come\u00e7amos a jornada dentro de n\u00f3s, pois autoamor pede autoconhecimento, pede mergulho profundo para dentro de n\u00f3s.  <\/p>\n<p>O autoconhecimento \u00e9 o meio pr\u00e1tico mais eficaz que temos para melhorar nesta vida e resistir \u00e0 atra\u00e7\u00e3o do mal.  <\/p>\n<p>E quem trabalha por sua melhora est\u00e1 se autoamando.  <\/p>\n<p>Cada movimento que fazemos no sentido de desenvolver nossas aptid\u00f5es, e de acumular valores que nos fa\u00e7am pessoas melhores, \u00e9 autoamor.  <\/p>\n<p>Naturalmente, esse amor a n\u00f3s mesmos nos conduzir\u00e1 ao nosso pr\u00f3ximo.  <\/p>\n<p>Primeiro, porque o autoamor s\u00f3 se constr\u00f3i    e se vitaliza no encontro.  <\/p>\n<p>Segundo, porque quando temos uma cota de amor mais madura, mais consciente, conseguimos amar o outro melhor.  <\/p>\n<p>Nossas rela\u00e7\u00f5es se harmonizam, nosso cora\u00e7\u00e3o fica em paz, nossas ang\u00fastias desaparecem.  <\/p>\n<p>*   *   *  <\/p>\n<p>Que possamos nos proporcionar mais momentos de autoencontro, com o objetivo de aprimorar nosso autoamor, que \u00e9 a chave de todo nosso desenvolvimento no Universo.  <\/p>\n<p>Reda\u00e7\u00e3o do Momento Esp\u00edrita, com base no poema  <br \/>Quando me amo, de Andrey Cechelero e no cap. 13,  <br \/>item Amor de plenitude, do livro Amor, Imbat\u00edvel  <br \/>Amor, de Joanna de \u00c2ngelis, psicografia de Divaldo  <br \/>Pereira Franco, ed. LEAL.  <br \/>Em 16.4.2014.<\/p>\n<div class=\"pvc_clear\"><\/div>\n<p id=\"pvc_stats_948\" class=\"pvc_stats all  \" data-element-id=\"948\" style=\"\"><i class=\"pvc-stats-icon medium\" aria-hidden=\"true\"><svg aria-hidden=\"true\" focusable=\"false\" data-prefix=\"far\" data-icon=\"chart-bar\" role=\"img\" xmlns=\"http:\/\/www.w3.org\/2000\/svg\" viewBox=\"0 0 512 512\" class=\"svg-inline--fa fa-chart-bar fa-w-16 fa-2x\"><path fill=\"currentColor\" d=\"M396.8 352h22.4c6.4 0 12.8-6.4 12.8-12.8V108.8c0-6.4-6.4-12.8-12.8-12.8h-22.4c-6.4 0-12.8 6.4-12.8 12.8v230.4c0 6.4 6.4 12.8 12.8 12.8zm-192 0h22.4c6.4 0 12.8-6.4 12.8-12.8V140.8c0-6.4-6.4-12.8-12.8-12.8h-22.4c-6.4 0-12.8 6.4-12.8 12.8v198.4c0 6.4 6.4 12.8 12.8 12.8zm96 0h22.4c6.4 0 12.8-6.4 12.8-12.8V204.8c0-6.4-6.4-12.8-12.8-12.8h-22.4c-6.4 0-12.8 6.4-12.8 12.8v134.4c0 6.4 6.4 12.8 12.8 12.8zM496 400H48V80c0-8.84-7.16-16-16-16H16C7.16 64 0 71.16 0 80v336c0 17.67 14.33 32 32 32h464c8.84 0 16-7.16 16-16v-16c0-8.84-7.16-16-16-16zm-387.2-48h22.4c6.4 0 12.8-6.4 12.8-12.8v-70.4c0-6.4-6.4-12.8-12.8-12.8h-22.4c-6.4 0-12.8 6.4-12.8 12.8v70.4c0 6.4 6.4 12.8 12.8 12.8z\" class=\"\"><\/path><\/svg><\/i> <img decoding=\"async\" width=\"16\" height=\"16\" alt=\"Loading\" data-src=\"https:\/\/www.centronocaminhodaluz.com.br\/wp-content\/plugins\/page-views-count\/ajax-loader-2x.gif\" border=0 src=\"data:image\/svg+xml;base64,PHN2ZyB3aWR0aD0iMSIgaGVpZ2h0PSIxIiB4bWxucz0iaHR0cDovL3d3dy53My5vcmcvMjAwMC9zdmciPjwvc3ZnPg==\" class=\"lazyload\" style=\"--smush-placeholder-width: 16px; --smush-placeholder-aspect-ratio: 16\/16;\" \/><\/p>\n<div class=\"pvc_clear\"><\/div>\n","protected":false},"excerpt":{"rendered":"<p>&nbsp;&nbsp;&nbsp;&nbsp;&nbsp; Quando me amo&#8230; Acendo uma luz que clareia meus por\u00f5es esquecidos, deixando para tr\u00e1s os erros e derrotas de tempos idos, e volto a respirar. Quando me amo&#8230; Aprendo a olhar para dentro, descobrindo-me em parte pot\u00eancia, em parte possibilidade &#8211; aquilo que j\u00e1 sou, aquilo que serei; onde j\u00e1 estou, onde quero estar.&hellip; <br \/> <a class=\"read-more\" href=\"https:\/\/www.centronocaminhodaluz.com.br\/index.php\/artigo948\/\">Leia mais<\/a><\/p>\n<div class=\"pvc_clear\"><\/div>\n<p id=\"pvc_stats_948\" class=\"pvc_stats all  \" data-element-id=\"948\" style=\"\"><i class=\"pvc-stats-icon medium\" aria-hidden=\"true\"><svg aria-hidden=\"true\" focusable=\"false\" data-prefix=\"far\" data-icon=\"chart-bar\" role=\"img\" xmlns=\"http:\/\/www.w3.org\/2000\/svg\" viewBox=\"0 0 512 512\" class=\"svg-inline--fa fa-chart-bar fa-w-16 fa-2x\"><path fill=\"currentColor\" d=\"M396.8 352h22.4c6.4 0 12.8-6.4 12.8-12.8V108.8c0-6.4-6.4-12.8-12.8-12.8h-22.4c-6.4 0-12.8 6.4-12.8 12.8v230.4c0 6.4 6.4 12.8 12.8 12.8zm-192 0h22.4c6.4 0 12.8-6.4 12.8-12.8V140.8c0-6.4-6.4-12.8-12.8-12.8h-22.4c-6.4 0-12.8 6.4-12.8 12.8v198.4c0 6.4 6.4 12.8 12.8 12.8zm96 0h22.4c6.4 0 12.8-6.4 12.8-12.8V204.8c0-6.4-6.4-12.8-12.8-12.8h-22.4c-6.4 0-12.8 6.4-12.8 12.8v134.4c0 6.4 6.4 12.8 12.8 12.8zM496 400H48V80c0-8.84-7.16-16-16-16H16C7.16 64 0 71.16 0 80v336c0 17.67 14.33 32 32 32h464c8.84 0 16-7.16 16-16v-16c0-8.84-7.16-16-16-16zm-387.2-48h22.4c6.4 0 12.8-6.4 12.8-12.8v-70.4c0-6.4-6.4-12.8-12.8-12.8h-22.4c-6.4 0-12.8 6.4-12.8 12.8v70.4c0 6.4 6.4 12.8 12.8 12.8z\" class=\"\"><\/path><\/svg><\/i> <img decoding=\"async\" width=\"16\" height=\"16\" alt=\"Loading\" data-src=\"https:\/\/www.centronocaminhodaluz.com.br\/wp-content\/plugins\/page-views-count\/ajax-loader-2x.gif\" border=0 src=\"data:image\/svg+xml;base64,PHN2ZyB3aWR0aD0iMSIgaGVpZ2h0PSIxIiB4bWxucz0iaHR0cDovL3d3dy53My5vcmcvMjAwMC9zdmciPjwvc3ZnPg==\" class=\"lazyload\" style=\"--smush-placeholder-width: 16px; --smush-placeholder-aspect-ratio: 16\/16;\" \/><\/p>\n<div class=\"pvc_clear\"><\/div>\n","protected":false},"author":1,"featured_media":0,"comment_status":"Closed","ping_status":"open","sticky":false,"template":"","format":"standard","meta":{"footnotes":""},"categories":[6],"tags":[],"class_list":["post-948","post","type-post","status-publish","format-standard","hentry","category-joanna-de-angelis"],"a3_pvc":{"activated":true,"total_views":3898,"today_views":0},"_links":{"self":[{"href":"https:\/\/www.centronocaminhodaluz.com.br\/index.php\/wp-json\/wp\/v2\/posts\/948","targetHints":{"allow":["GET"]}}],"collection":[{"href":"https:\/\/www.centronocaminhodaluz.com.br\/index.php\/wp-json\/wp\/v2\/posts"}],"about":[{"href":"https:\/\/www.centronocaminhodaluz.com.br\/index.php\/wp-json\/wp\/v2\/types\/post"}],"author":[{"embeddable":true,"href":"https:\/\/www.centronocaminhodaluz.com.br\/index.php\/wp-json\/wp\/v2\/users\/1"}],"replies":[{"embeddable":true,"href":"https:\/\/www.centronocaminhodaluz.com.br\/index.php\/wp-json\/wp\/v2\/comments?post=948"}],"version-history":[{"count":0,"href":"https:\/\/www.centronocaminhodaluz.com.br\/index.php\/wp-json\/wp\/v2\/posts\/948\/revisions"}],"wp:attachment":[{"href":"https:\/\/www.centronocaminhodaluz.com.br\/index.php\/wp-json\/wp\/v2\/media?parent=948"}],"wp:term":[{"taxonomy":"category","embeddable":true,"href":"https:\/\/www.centronocaminhodaluz.com.br\/index.php\/wp-json\/wp\/v2\/categories?post=948"},{"taxonomy":"post_tag","embeddable":true,"href":"https:\/\/www.centronocaminhodaluz.com.br\/index.php\/wp-json\/wp\/v2\/tags?post=948"}],"curies":[{"name":"wp","href":"https:\/\/api.w.org\/{rel}","templated":true}]}}