{"id":953,"date":"2014-04-14T19:53:00","date_gmt":"2014-04-14T19:53:00","guid":{"rendered":"http:\/\/www.centronocaminhodaluz.com.br\/index.php\/2014\/04\/14\/materialistas-ou-espiritualistas\/"},"modified":"2014-04-14T19:53:00","modified_gmt":"2014-04-14T19:53:00","slug":"artigo953","status":"publish","type":"post","link":"https:\/\/www.centronocaminhodaluz.com.br\/index.php\/artigo953\/","title":{"rendered":"Materialistas ou espiritualistas"},"content":{"rendered":"<p><a name=more><\/a>&nbsp;&nbsp;&nbsp;&nbsp;&nbsp;<a href=http:\/\/cecal.centronocaminhodaluz.com.br\/bloguer\/pdf.asp?site=cecal&amp; target=_blank><img src=http:\/\/cecal.centronocaminhodaluz.com.br\/bloguer\/pdf_button.png \/><\/a>     <br \/>Materialismo, na defini\u00e7\u00e3o do dicion\u00e1rio, \u00e9 a doutrina que v\u00ea na mat\u00e9ria a realidade fundamental de todo o Universo.  <\/p>\n<p>Assim, para o materialista, nada na vida pode ser explicado a n\u00e3o ser a partir do prisma da vida material.  <\/p>\n<p>Para a doutrina materialista n\u00e3o h\u00e1 fundamentos na cren\u00e7a em Deus ou na imortalidade da alma, uma vez que a mat\u00e9ria deve explicar todos os fen\u00f4menos da vida.  <\/p>\n<p>Apenas afirma que a vida se encerra quando os fen\u00f4menos fisiol\u00f3gicos do corpo cessam.  <\/p>\n<p>Para os espiritualistas, em contrapartida, a vida explica-se a partir da cren\u00e7a em Deus e da exist\u00eancia da alma, assim como na sua sobreviv\u00eancia ap\u00f3s a morte.  <\/p>\n<p>O espiritualismo, em um sentido amplo, \u00e9 a base de tod   as as religi\u00f5es e da pr\u00f3pria religiosidade.  <\/p>\n<p>Afinal, de uma forma ou de outra, todas as religi\u00f5es e todas as doutrinas espiritualistas buscam a explica\u00e7\u00e3o da vida, na certeza da sua continuidade, ap\u00f3s a morte do corpo f\u00edsico.  <\/p>\n<p>E s\u00e3o in\u00fameros os pa\u00edses onde o espiritualismo \u00e9 a cren\u00e7a majorit\u00e1ria de sua popula\u00e7\u00e3o.  <\/p>\n<p>Por\u00e9m, por coer\u00eancia, se nos dizemos espiritualistas, se cremos que a vida continua ap\u00f3s o corpo f\u00edsico concluir sua tarefa, h\u00e1 que se agir em conformidade com essa cren\u00e7a.  <\/p>\n<p>\u00c9 necess\u00e1rio sermos espiritualistas quando a morte chega nos privando da conviv\u00eancia di\u00e1ria e nos apartando fisicamente de um ente querido.  <\/p>\n<p>Somos muitos os que nos desesperamos, como se tudo acabasse e nunca mais f\u00f4ssemos nos encontrar.  <\/p>\n<p>Quantos, ao deparar-nos com a morte do nosso amor, nos revoltamos contra Deus ou questionamos seus des\u00edgnios?  <\/p>\n<p>Seria mais coerente apenas chorar de saudades, na certeza de que a vida n\u00e3o acaba e que o amo   r vence as dist\u00e2ncias e o tempo.  <\/p>\n<p>\u00c9 necess\u00e1rio sermos espiritualistas quando tomamos nossas decis\u00f5es profissionais, mantendo valores e dignidade e n\u00e3o nos vendendo por um tanto a mais de moedas.  <\/p>\n<p>Afinal, de que vale ter o bolso cheio e a consci\u00eancia em conflito?  <\/p>\n<p>Logo mais, retornaremos \u00e0 p\u00e1tria espiritual. E nesse momento, a conta banc\u00e1ria aqui permanecer\u00e1, embora nossa consci\u00eancia nos acompanhe aonde formos.  <\/p>\n<p>\u00c9 necess\u00e1rio sermos espiritualistas ao educarmos nossos filhos, mostrando-lhes que o grande objetivo da vida \u00e9 construirmos nossa felicidade, e n\u00e3o o possuirmos muito, o que, em grande parte das vezes, pouco significa.  <\/p>\n<p>Dessa forma, ao nos dizermos espiritualistas, tendo ou n\u00e3o uma religi\u00e3o, necess\u00e1rio se faz que sejamos tamb\u00e9m coerentes com nossas cren\u00e7as.  <\/p>\n<p>Ser espiritualista \u00e9 muito mais do que ter uma religi\u00e3o, seguir um credo ou repetir as externalidades dos cultos.  <\/p>\n<p>Na verdade, n\u00e3o ser materialista \u00e9 ter a c   ren\u00e7a profunda, capaz de refletir em nossos valores e atos, de que sabemos plenamente que a vida em abund\u00e2ncia n\u00e3o \u00e9 esta que vemos, mas aquela que nos aguarda logo mais, ap\u00f3s esta r\u00e1pida passagem pelo planeta.  <\/p>\n<p>*   *   *  <\/p>\n<p>Pensemos: declarando-nos ou considerando-nos espiritualistas, estamos agindo de maneira diversa dos materialistas?  <\/p>\n<p>Quantas vezes, em nosso cotidiano, n\u00e3o estamos nos posicionando como quem n\u00e3o tem convic\u00e7\u00e3o da imortalidade do Esp\u00edrito?  <\/p>\n<p>Pensemos a respeito e sigamos no mundo com a certeza de que a vida verdadeira se encontra para al\u00e9m da aduana da morte.  <\/p>\n<p>Reda\u00e7\u00e3o do Momento Esp\u00edrita.  <br \/>Em 12.4.201<\/p>\n<div class=\"pvc_clear\"><\/div>\n<p id=\"pvc_stats_953\" class=\"pvc_stats all  \" data-element-id=\"953\" style=\"\"><i class=\"pvc-stats-icon medium\" aria-hidden=\"true\"><svg aria-hidden=\"true\" focusable=\"false\" data-prefix=\"far\" data-icon=\"chart-bar\" role=\"img\" xmlns=\"http:\/\/www.w3.org\/2000\/svg\" viewBox=\"0 0 512 512\" class=\"svg-inline--fa fa-chart-bar fa-w-16 fa-2x\"><path fill=\"currentColor\" d=\"M396.8 352h22.4c6.4 0 12.8-6.4 12.8-12.8V108.8c0-6.4-6.4-12.8-12.8-12.8h-22.4c-6.4 0-12.8 6.4-12.8 12.8v230.4c0 6.4 6.4 12.8 12.8 12.8zm-192 0h22.4c6.4 0 12.8-6.4 12.8-12.8V140.8c0-6.4-6.4-12.8-12.8-12.8h-22.4c-6.4 0-12.8 6.4-12.8 12.8v198.4c0 6.4 6.4 12.8 12.8 12.8zm96 0h22.4c6.4 0 12.8-6.4 12.8-12.8V204.8c0-6.4-6.4-12.8-12.8-12.8h-22.4c-6.4 0-12.8 6.4-12.8 12.8v134.4c0 6.4 6.4 12.8 12.8 12.8zM496 400H48V80c0-8.84-7.16-16-16-16H16C7.16 64 0 71.16 0 80v336c0 17.67 14.33 32 32 32h464c8.84 0 16-7.16 16-16v-16c0-8.84-7.16-16-16-16zm-387.2-48h22.4c6.4 0 12.8-6.4 12.8-12.8v-70.4c0-6.4-6.4-12.8-12.8-12.8h-22.4c-6.4 0-12.8 6.4-12.8 12.8v70.4c0 6.4 6.4 12.8 12.8 12.8z\" class=\"\"><\/path><\/svg><\/i> <img decoding=\"async\" width=\"16\" height=\"16\" alt=\"Loading\" data-src=\"https:\/\/www.centronocaminhodaluz.com.br\/wp-content\/plugins\/page-views-count\/ajax-loader-2x.gif\" border=0 src=\"data:image\/svg+xml;base64,PHN2ZyB3aWR0aD0iMSIgaGVpZ2h0PSIxIiB4bWxucz0iaHR0cDovL3d3dy53My5vcmcvMjAwMC9zdmciPjwvc3ZnPg==\" class=\"lazyload\" style=\"--smush-placeholder-width: 16px; --smush-placeholder-aspect-ratio: 16\/16;\" \/><\/p>\n<div class=\"pvc_clear\"><\/div>\n","protected":false},"excerpt":{"rendered":"<p>&nbsp;&nbsp;&nbsp;&nbsp;&nbsp; Materialismo, na defini\u00e7\u00e3o do dicion\u00e1rio, \u00e9 a doutrina que v\u00ea na mat\u00e9ria a realidade fundamental de todo o Universo. Assim, para o materialista, nada na vida pode ser explicado a n\u00e3o ser a partir do prisma da vida material. Para a doutrina materialista n\u00e3o h\u00e1 fundamentos na cren\u00e7a em Deus ou na imortalidade da&hellip; <br \/> <a class=\"read-more\" href=\"https:\/\/www.centronocaminhodaluz.com.br\/index.php\/artigo953\/\">Leia mais<\/a><\/p>\n<div class=\"pvc_clear\"><\/div>\n<p id=\"pvc_stats_953\" class=\"pvc_stats all  \" data-element-id=\"953\" style=\"\"><i class=\"pvc-stats-icon medium\" aria-hidden=\"true\"><svg aria-hidden=\"true\" focusable=\"false\" data-prefix=\"far\" data-icon=\"chart-bar\" role=\"img\" xmlns=\"http:\/\/www.w3.org\/2000\/svg\" viewBox=\"0 0 512 512\" class=\"svg-inline--fa fa-chart-bar fa-w-16 fa-2x\"><path fill=\"currentColor\" d=\"M396.8 352h22.4c6.4 0 12.8-6.4 12.8-12.8V108.8c0-6.4-6.4-12.8-12.8-12.8h-22.4c-6.4 0-12.8 6.4-12.8 12.8v230.4c0 6.4 6.4 12.8 12.8 12.8zm-192 0h22.4c6.4 0 12.8-6.4 12.8-12.8V140.8c0-6.4-6.4-12.8-12.8-12.8h-22.4c-6.4 0-12.8 6.4-12.8 12.8v198.4c0 6.4 6.4 12.8 12.8 12.8zm96 0h22.4c6.4 0 12.8-6.4 12.8-12.8V204.8c0-6.4-6.4-12.8-12.8-12.8h-22.4c-6.4 0-12.8 6.4-12.8 12.8v134.4c0 6.4 6.4 12.8 12.8 12.8zM496 400H48V80c0-8.84-7.16-16-16-16H16C7.16 64 0 71.16 0 80v336c0 17.67 14.33 32 32 32h464c8.84 0 16-7.16 16-16v-16c0-8.84-7.16-16-16-16zm-387.2-48h22.4c6.4 0 12.8-6.4 12.8-12.8v-70.4c0-6.4-6.4-12.8-12.8-12.8h-22.4c-6.4 0-12.8 6.4-12.8 12.8v70.4c0 6.4 6.4 12.8 12.8 12.8z\" class=\"\"><\/path><\/svg><\/i> <img decoding=\"async\" width=\"16\" height=\"16\" alt=\"Loading\" data-src=\"https:\/\/www.centronocaminhodaluz.com.br\/wp-content\/plugins\/page-views-count\/ajax-loader-2x.gif\" border=0 src=\"data:image\/svg+xml;base64,PHN2ZyB3aWR0aD0iMSIgaGVpZ2h0PSIxIiB4bWxucz0iaHR0cDovL3d3dy53My5vcmcvMjAwMC9zdmciPjwvc3ZnPg==\" class=\"lazyload\" style=\"--smush-placeholder-width: 16px; --smush-placeholder-aspect-ratio: 16\/16;\" \/><\/p>\n<div class=\"pvc_clear\"><\/div>\n","protected":false},"author":1,"featured_media":0,"comment_status":"Closed","ping_status":"open","sticky":false,"template":"","format":"standard","meta":{"footnotes":""},"categories":[16],"tags":[],"class_list":["post-953","post","type-post","status-publish","format-standard","hentry","category-mensagens-diversas"],"a3_pvc":{"activated":true,"total_views":2063,"today_views":0},"_links":{"self":[{"href":"https:\/\/www.centronocaminhodaluz.com.br\/index.php\/wp-json\/wp\/v2\/posts\/953","targetHints":{"allow":["GET"]}}],"collection":[{"href":"https:\/\/www.centronocaminhodaluz.com.br\/index.php\/wp-json\/wp\/v2\/posts"}],"about":[{"href":"https:\/\/www.centronocaminhodaluz.com.br\/index.php\/wp-json\/wp\/v2\/types\/post"}],"author":[{"embeddable":true,"href":"https:\/\/www.centronocaminhodaluz.com.br\/index.php\/wp-json\/wp\/v2\/users\/1"}],"replies":[{"embeddable":true,"href":"https:\/\/www.centronocaminhodaluz.com.br\/index.php\/wp-json\/wp\/v2\/comments?post=953"}],"version-history":[{"count":0,"href":"https:\/\/www.centronocaminhodaluz.com.br\/index.php\/wp-json\/wp\/v2\/posts\/953\/revisions"}],"wp:attachment":[{"href":"https:\/\/www.centronocaminhodaluz.com.br\/index.php\/wp-json\/wp\/v2\/media?parent=953"}],"wp:term":[{"taxonomy":"category","embeddable":true,"href":"https:\/\/www.centronocaminhodaluz.com.br\/index.php\/wp-json\/wp\/v2\/categories?post=953"},{"taxonomy":"post_tag","embeddable":true,"href":"https:\/\/www.centronocaminhodaluz.com.br\/index.php\/wp-json\/wp\/v2\/tags?post=953"}],"curies":[{"name":"wp","href":"https:\/\/api.w.org\/{rel}","templated":true}]}}