{"id":957,"date":"2014-04-14T19:43:00","date_gmt":"2014-04-14T19:43:00","guid":{"rendered":"http:\/\/www.centronocaminhodaluz.com.br\/index.php\/2014\/04\/14\/sem-medo-de-morrer\/"},"modified":"2014-04-14T19:43:00","modified_gmt":"2014-04-14T19:43:00","slug":"artigo957","status":"publish","type":"post","link":"https:\/\/www.centronocaminhodaluz.com.br\/index.php\/artigo957\/","title":{"rendered":"Sem medo de morrer"},"content":{"rendered":"<p><a name=more><\/a>&nbsp;&nbsp;&nbsp;&nbsp;&nbsp;<a href=http:\/\/cecal.centronocaminhodaluz.com.br\/bloguer\/pdf.asp?site=cecal&amp; target=_blank><img src=http:\/\/cecal.centronocaminhodaluz.com.br\/bloguer\/pdf_button.png \/><\/a>     <br \/>A oradora conclu\u00edra a confer\u00eancia. Demorados foram os aplausos. Depois, longa foi a fila para os cumprimentos.  <\/p>\n<p>Muitos lhe foram elogiar a fala esclarecedora, em torno da imortalidade da alma. Mais do que tudo, o desassombro que revelara, naqueles sessenta minutos, afirmando, mais de uma vez, que os esp\u00edritas n\u00e3o temem a morte.  <\/p>\n<p>Quem quer que se haja convencido de que a morte \u00e9 simples transi\u00e7\u00e3o, de um para outro est\u00e1gio, n\u00e3o a teme.  <\/p>\n<p>Quem quer que esteja convicto de que somos imortais, pois somos Esp\u00edritos, aguarda a morte com tranquilidade.  <\/p>\n<p>Ante sua presen\u00e7a, n\u00e3o se atemoriza, nada teme. Verdadeiramente, o discurso fora coerente, perfeitamente embasado na l\u00f3gica e no bom senso.  <\/p>\n<p>Passadas algumas horas, a ilustre conferencista foi levada ao aeroporto, para a tomada do voo que a conduziria ao lar, em outro Estado.  <\/p>\n<p>Enquanto aguardava o embarque, aproximaram-se dois casais, dizendo que haviam assistido sua confer\u00eancia, e alongaram-se em elogios, detalhando alguns dos itens abordados, especialmente o destemor \u00e0 morte, que ela t\u00e3o bem evidenciara.  <\/p>\n<p>Poucos minutos passados, todos a bordo, inicia-se a viagem. Enquanto se servia o lanche, repentinamente, o comandante informa de turbul\u00eancia \u00e0 frente. Logo, todos a sentem. N\u00e3o se trata de uma leve e r\u00e1pida turbul\u00eancia, mas de problema mais grave e demorado.  <\/p>\n<p>O avi\u00e3o parecia estar sendo sacudido por m\u00e3os invis\u00edveis. Em seguida, dava a impress\u00e3o de mergulhar num grande v\u00e1cuo. Foram alguns minutos, que pareceram horas, e foram suficientes para estabelecer o p\u00e2nico.  <\/p>\n<p>Vamos cair! Vamos morrer! &#8211; Bradavam os mais desesperados.  <\/p>\n<p>Outros simplesmente gritavam, enquanto lhes    parecia ver, como em um filme, toda a sua vida. \u00c9 o momento da morte. &#8211; Pensavam. E gritavam mais alto.  <\/p>\n<p>A conferencista, ante tanto p\u00e2nico, desestruturou-se um pouco e estava a ponto de juntar-se ao coro dos gritos, quando lembrou do que falara, fruto dos seus aprofundados e reflexivos estudos.  <\/p>\n<p>Lembrou-se mais: Como poderia dar mostras de pavor, de p\u00e2nico, perante pessoas que a tinham ouvido elucidar a respeito da inexist\u00eancia da morte?  <\/p>\n<p>Calou-se, fechou os olhos e p\u00f4s-se a orar por si, pelos que estavam no mesmo avi\u00e3o, pelos familiares de que, de imediato, recordou.  <\/p>\n<p>Quando tudo asserenou, o avi\u00e3o prosseguiu viagem, ela se deteve a refletir. Naqueles poucos momentos, dera-se conta de que ainda n\u00e3o vencera o temor da morte.  <\/p>\n<p>Sim, intelectualmente, ela sorvera a mensagem l\u00f3gica, de bom senso. Emocionalmente, no entanto, ainda n\u00e3o a administrara o suficiente para agasalh\u00e1-la como verdade inconteste.  <\/p>\n<p>Retornou ao lar,  pensativ   a e passou dias a meditar a respeito do assunto.  <\/p>\n<p>*   *    *  <\/p>\n<p>As verdades divinas s\u00e3o simples e f\u00e1cil \u00e9, a quem raciocina, com l\u00f3gica, aprend\u00ea-las.  <\/p>\n<p>Algo bem diferente \u00e9 viv\u00ea-las, ou seja, conduzir a pr\u00f3pria vida, dentro dos seus par\u00e2metros.  <\/p>\n<p>Isso tem a ver com a grande diferen\u00e7a que existe entre o intelecto e o emocional: o pensar e o sentir.  <\/p>\n<p>O intelecto aceita, mas nem sempre o sentimento o faz, na mesma dimens\u00e3o e temporalidade.  <\/p>\n<p>Pensemos nisso e nos permitamos reflexionar um tanto mais em torno da vida que n\u00e3o morre, que prossegue ativa e exuberante.  <\/p>\n<p>Pensemos a respeito da passagem de uma para outra realidade, a qualquer tempo em nossa vida.  <\/p>\n<p>Reda\u00e7\u00e3o do Momento Esp\u00edrita, com base em fato narrado por Sandra Della Pola,  <br \/>em ciclo de Qualifica\u00e7\u00e3o do Trabalhador Esp\u00edrita, no Recanto Lins de Vasconcellos,  <br \/>em Balsa Nova, PR, em 15 de fevereiro de 2014.  <br \/>Em 8.4.2014.<\/p>\n<div class=\"pvc_clear\"><\/div>\n<p id=\"pvc_stats_957\" class=\"pvc_stats all  \" data-element-id=\"957\" style=\"\"><i class=\"pvc-stats-icon medium\" aria-hidden=\"true\"><svg aria-hidden=\"true\" focusable=\"false\" data-prefix=\"far\" data-icon=\"chart-bar\" role=\"img\" xmlns=\"http:\/\/www.w3.org\/2000\/svg\" viewBox=\"0 0 512 512\" class=\"svg-inline--fa fa-chart-bar fa-w-16 fa-2x\"><path fill=\"currentColor\" d=\"M396.8 352h22.4c6.4 0 12.8-6.4 12.8-12.8V108.8c0-6.4-6.4-12.8-12.8-12.8h-22.4c-6.4 0-12.8 6.4-12.8 12.8v230.4c0 6.4 6.4 12.8 12.8 12.8zm-192 0h22.4c6.4 0 12.8-6.4 12.8-12.8V140.8c0-6.4-6.4-12.8-12.8-12.8h-22.4c-6.4 0-12.8 6.4-12.8 12.8v198.4c0 6.4 6.4 12.8 12.8 12.8zm96 0h22.4c6.4 0 12.8-6.4 12.8-12.8V204.8c0-6.4-6.4-12.8-12.8-12.8h-22.4c-6.4 0-12.8 6.4-12.8 12.8v134.4c0 6.4 6.4 12.8 12.8 12.8zM496 400H48V80c0-8.84-7.16-16-16-16H16C7.16 64 0 71.16 0 80v336c0 17.67 14.33 32 32 32h464c8.84 0 16-7.16 16-16v-16c0-8.84-7.16-16-16-16zm-387.2-48h22.4c6.4 0 12.8-6.4 12.8-12.8v-70.4c0-6.4-6.4-12.8-12.8-12.8h-22.4c-6.4 0-12.8 6.4-12.8 12.8v70.4c0 6.4 6.4 12.8 12.8 12.8z\" class=\"\"><\/path><\/svg><\/i> <img decoding=\"async\" width=\"16\" height=\"16\" alt=\"Loading\" data-src=\"https:\/\/www.centronocaminhodaluz.com.br\/wp-content\/plugins\/page-views-count\/ajax-loader-2x.gif\" border=0 src=\"data:image\/svg+xml;base64,PHN2ZyB3aWR0aD0iMSIgaGVpZ2h0PSIxIiB4bWxucz0iaHR0cDovL3d3dy53My5vcmcvMjAwMC9zdmciPjwvc3ZnPg==\" class=\"lazyload\" style=\"--smush-placeholder-width: 16px; --smush-placeholder-aspect-ratio: 16\/16;\" \/><\/p>\n<div class=\"pvc_clear\"><\/div>\n","protected":false},"excerpt":{"rendered":"<p>&nbsp;&nbsp;&nbsp;&nbsp;&nbsp; A oradora conclu\u00edra a confer\u00eancia. Demorados foram os aplausos. Depois, longa foi a fila para os cumprimentos. Muitos lhe foram elogiar a fala esclarecedora, em torno da imortalidade da alma. Mais do que tudo, o desassombro que revelara, naqueles sessenta minutos, afirmando, mais de uma vez, que os esp\u00edritas n\u00e3o temem a morte. Quem&hellip; <br \/> <a class=\"read-more\" href=\"https:\/\/www.centronocaminhodaluz.com.br\/index.php\/artigo957\/\">Leia mais<\/a><\/p>\n<div class=\"pvc_clear\"><\/div>\n<p id=\"pvc_stats_957\" class=\"pvc_stats all  \" data-element-id=\"957\" style=\"\"><i class=\"pvc-stats-icon medium\" aria-hidden=\"true\"><svg aria-hidden=\"true\" focusable=\"false\" data-prefix=\"far\" data-icon=\"chart-bar\" role=\"img\" xmlns=\"http:\/\/www.w3.org\/2000\/svg\" viewBox=\"0 0 512 512\" class=\"svg-inline--fa fa-chart-bar fa-w-16 fa-2x\"><path fill=\"currentColor\" d=\"M396.8 352h22.4c6.4 0 12.8-6.4 12.8-12.8V108.8c0-6.4-6.4-12.8-12.8-12.8h-22.4c-6.4 0-12.8 6.4-12.8 12.8v230.4c0 6.4 6.4 12.8 12.8 12.8zm-192 0h22.4c6.4 0 12.8-6.4 12.8-12.8V140.8c0-6.4-6.4-12.8-12.8-12.8h-22.4c-6.4 0-12.8 6.4-12.8 12.8v198.4c0 6.4 6.4 12.8 12.8 12.8zm96 0h22.4c6.4 0 12.8-6.4 12.8-12.8V204.8c0-6.4-6.4-12.8-12.8-12.8h-22.4c-6.4 0-12.8 6.4-12.8 12.8v134.4c0 6.4 6.4 12.8 12.8 12.8zM496 400H48V80c0-8.84-7.16-16-16-16H16C7.16 64 0 71.16 0 80v336c0 17.67 14.33 32 32 32h464c8.84 0 16-7.16 16-16v-16c0-8.84-7.16-16-16-16zm-387.2-48h22.4c6.4 0 12.8-6.4 12.8-12.8v-70.4c0-6.4-6.4-12.8-12.8-12.8h-22.4c-6.4 0-12.8 6.4-12.8 12.8v70.4c0 6.4 6.4 12.8 12.8 12.8z\" class=\"\"><\/path><\/svg><\/i> <img decoding=\"async\" width=\"16\" height=\"16\" alt=\"Loading\" data-src=\"https:\/\/www.centronocaminhodaluz.com.br\/wp-content\/plugins\/page-views-count\/ajax-loader-2x.gif\" border=0 src=\"data:image\/svg+xml;base64,PHN2ZyB3aWR0aD0iMSIgaGVpZ2h0PSIxIiB4bWxucz0iaHR0cDovL3d3dy53My5vcmcvMjAwMC9zdmciPjwvc3ZnPg==\" class=\"lazyload\" style=\"--smush-placeholder-width: 16px; --smush-placeholder-aspect-ratio: 16\/16;\" \/><\/p>\n<div class=\"pvc_clear\"><\/div>\n","protected":false},"author":1,"featured_media":0,"comment_status":"Closed","ping_status":"open","sticky":false,"template":"","format":"standard","meta":{"footnotes":""},"categories":[16],"tags":[],"class_list":["post-957","post","type-post","status-publish","format-standard","hentry","category-mensagens-diversas"],"a3_pvc":{"activated":true,"total_views":1922,"today_views":0},"_links":{"self":[{"href":"https:\/\/www.centronocaminhodaluz.com.br\/index.php\/wp-json\/wp\/v2\/posts\/957","targetHints":{"allow":["GET"]}}],"collection":[{"href":"https:\/\/www.centronocaminhodaluz.com.br\/index.php\/wp-json\/wp\/v2\/posts"}],"about":[{"href":"https:\/\/www.centronocaminhodaluz.com.br\/index.php\/wp-json\/wp\/v2\/types\/post"}],"author":[{"embeddable":true,"href":"https:\/\/www.centronocaminhodaluz.com.br\/index.php\/wp-json\/wp\/v2\/users\/1"}],"replies":[{"embeddable":true,"href":"https:\/\/www.centronocaminhodaluz.com.br\/index.php\/wp-json\/wp\/v2\/comments?post=957"}],"version-history":[{"count":0,"href":"https:\/\/www.centronocaminhodaluz.com.br\/index.php\/wp-json\/wp\/v2\/posts\/957\/revisions"}],"wp:attachment":[{"href":"https:\/\/www.centronocaminhodaluz.com.br\/index.php\/wp-json\/wp\/v2\/media?parent=957"}],"wp:term":[{"taxonomy":"category","embeddable":true,"href":"https:\/\/www.centronocaminhodaluz.com.br\/index.php\/wp-json\/wp\/v2\/categories?post=957"},{"taxonomy":"post_tag","embeddable":true,"href":"https:\/\/www.centronocaminhodaluz.com.br\/index.php\/wp-json\/wp\/v2\/tags?post=957"}],"curies":[{"name":"wp","href":"https:\/\/api.w.org\/{rel}","templated":true}]}}