{"id":962,"date":"2014-04-07T21:26:00","date_gmt":"2014-04-07T21:26:00","guid":{"rendered":"http:\/\/www.centronocaminhodaluz.com.br\/index.php\/2014\/04\/07\/as-maravilhas-do-mundo\/"},"modified":"2014-04-07T21:26:00","modified_gmt":"2014-04-07T21:26:00","slug":"artigo962","status":"publish","type":"post","link":"https:\/\/www.centronocaminhodaluz.com.br\/index.php\/artigo962\/","title":{"rendered":"As maravilhas do mundo"},"content":{"rendered":"<p><a name=more><\/a>&nbsp;&nbsp;&nbsp;&nbsp;&nbsp;<a href=http:\/\/cecal.centronocaminhodaluz.com.br\/bloguer\/pdf.asp?site=cecal&amp; target=_blank><img src=http:\/\/cecal.centronocaminhodaluz.com.br\/bloguer\/pdf_button.png \/><\/a>     <br \/>Um grupo de estudantes de geografia estudava a respeito das sete maravilhas do mundo. Ao final da aula, lhes foi pedido que fizessem uma lista do que eles pensavam fossem consideradas as sete maravilhas atuais do mundo.  <\/p>\n<p>Embora com algumas discord\u00e2ncias, a vota\u00e7\u00e3o girou em torno das pir\u00e2mides do Egito, Taj Mahal, Grand Canyon, Canal do Panam\u00e1, Empire State Building, Bas\u00edlica de S\u00e3o Pedro e a Grande Muralha da China.  <\/p>\n<p>Ao recolher os votos, o professor notou que uma estudante estava muito quieta e nem tinha virado sua folha ainda.  <\/p>\n<p>Intrigado, ele lhe perguntou se estava tendo problemas com sua lista.  <\/p>\n<p>Sim, respondeu ela. Eu n\u00e3o consigo fazer a minha lista, porque s\u00e3o muitas as maravilhas    do mundo.  <\/p>\n<p>Tentando auxiliar, o professor sugeriu que ela mostrasse o que j\u00e1 havia escrito e ent\u00e3o, talvez ele e os colegas pudessem colaborar, a fim de que ela se definisse.  <\/p>\n<p>A garota relutou um pouco e escreveu: Eu penso que as maravilhas do mundo sejam:  <\/p>\n<p>1. Tocar &#8211;  <\/p>\n<p>2. Sentir sabor &#8211;  <\/p>\n<p>3. Ver &#8211;  <\/p>\n<p>4. Ouvir &#8211;  <\/p>\n<p>5. Sentir &#8211;  <\/p>\n<p>6. Rir e, finalmente,  <\/p>\n<p>7. Amar.  <\/p>\n<p>A sala ficou completamente em sil\u00eancio.  <\/p>\n<p>*   *   *  <\/p>\n<p>\u00c9 maravilhoso observar as fa\u00e7anhas do homem. A impon\u00eancia das pir\u00e2mides do Egito que, at\u00e9 hoje, se constituem um mist\u00e9rio para a engenharia.  <\/p>\n<p>\u00c9 emocionante contemplar a beleza do Taj Mahal, concretizado em homenagem a um grande amor. \u00c9 espetacular contemplar as dimens\u00f5es e o trabalho milenar da natureza, na elabora\u00e7\u00e3o das formas arrojadas do Grand Canyon.  <\/p>\n<p>\u00c9 surpreendente descobrir como o homem venceu o desafio e construiu o Canal do Panam\u00e1. \u00c9 grandioso ver a imp   on\u00eancia do Empire State Building, que parece escalar os c\u00e9us, no rumo do infinito.  <\/p>\n<p>\u00c9 deslumbrante constatar a arquitetura, a pintura e a escultura da Bas\u00edlica de S\u00e3o Pedro e o gigantesco esfor\u00e7o dos homens na constru\u00e7\u00e3o da milenar Muralha da China.  <\/p>\n<p>Contudo, n\u00e3o poder\u00edamos ver nenhuma dessas maravilhas sem nosso sentido da vis\u00e3o, com que fomos brindados por Deus. Os sons dos ventos que acariciam as campinas n\u00e3o seriam por n\u00f3s detectados se n\u00e3o tiv\u00e9ssemos o sentido da audi\u00e7\u00e3o.  <\/p>\n<p>E que dizer do sentido da gusta\u00e7\u00e3o que nos permite diferenciar a fruta saborosa, os cereais que nos enriquecem a mesa e todas as demais del\u00edcias que comp\u00f5em as refei\u00e7\u00f5es de todos os dias, em sua grande variedade?  <\/p>\n<p>E nossa capacidade de sorrir, extravasar a alegria que brota, resultante da nossa condi\u00e7\u00e3o de seres dotados da extraordin\u00e1ria capacidade de amar?  <\/p>\n<p>E, quem ama, sente o cora\u00e7\u00e3o bater descompassado no peito \u00e0 simples presen\u00e7a do ser amado, que pode ser o    marido, o pai, o irm\u00e3o, o filho, um amigo.  <\/p>\n<p>E o toque que se externa em abra\u00e7os, em m\u00e3os entrela\u00e7adas que nos fazem sentir, sem palavras, apoio, seguran\u00e7a, cuidado, ternura, afei\u00e7\u00e3o?  <\/p>\n<p>Sim, com certeza s\u00e3o extraordin\u00e1rias as cria\u00e7\u00f5es humanas e grandiosas as belezas naturais, contudo, o que Deus colocou em n\u00f3s, como capacidades inerentes a todo ser humano, suplantam qualquer outra maravilha.  <\/p>\n<p>*   *   *  <\/p>\n<p>Agradece a Deus o cora\u00e7\u00e3o maravilhosamente desenhado e constru\u00eddo para te auxiliar no processo da evolu\u00e7\u00e3o, nas etapas reencarnat\u00f3rias.  <\/p>\n<p>Agradece a Deus esse trabalho majestoso do cora\u00e7\u00e3o, dia e noite, na alegria e na dor, no trabalho e no repouso, no prazer e na tristeza, mantendo a tua vida.  <\/p>\n<p>Agradece a Deus tua vida, teu corpo, teu ser eterno que marcha progressivamente para ele, enquanto sentes, sorris, amas e te extasias com as b\u00ean\u00e7\u00e3os celestes.  <\/p>\n<p>Reda\u00e7\u00e3o do Momento Esp\u00edrita, com base no texto As  <br \/>sete m   aravilhas do mundo, de autoria ignorada e no cap. 29,  <br \/>do livro Filho de Deus, pelo Esp\u00edrito Joanna de \u00c2ngelis,  <br \/>psicografia de Divaldo Pereira Franco, ed. LEAL.  <br \/>Em 7.4.2014.<\/p>\n<div class=\"pvc_clear\"><\/div>\n<p id=\"pvc_stats_962\" class=\"pvc_stats all  \" data-element-id=\"962\" style=\"\"><i class=\"pvc-stats-icon medium\" aria-hidden=\"true\"><svg aria-hidden=\"true\" focusable=\"false\" data-prefix=\"far\" data-icon=\"chart-bar\" role=\"img\" xmlns=\"http:\/\/www.w3.org\/2000\/svg\" viewBox=\"0 0 512 512\" class=\"svg-inline--fa fa-chart-bar fa-w-16 fa-2x\"><path fill=\"currentColor\" d=\"M396.8 352h22.4c6.4 0 12.8-6.4 12.8-12.8V108.8c0-6.4-6.4-12.8-12.8-12.8h-22.4c-6.4 0-12.8 6.4-12.8 12.8v230.4c0 6.4 6.4 12.8 12.8 12.8zm-192 0h22.4c6.4 0 12.8-6.4 12.8-12.8V140.8c0-6.4-6.4-12.8-12.8-12.8h-22.4c-6.4 0-12.8 6.4-12.8 12.8v198.4c0 6.4 6.4 12.8 12.8 12.8zm96 0h22.4c6.4 0 12.8-6.4 12.8-12.8V204.8c0-6.4-6.4-12.8-12.8-12.8h-22.4c-6.4 0-12.8 6.4-12.8 12.8v134.4c0 6.4 6.4 12.8 12.8 12.8zM496 400H48V80c0-8.84-7.16-16-16-16H16C7.16 64 0 71.16 0 80v336c0 17.67 14.33 32 32 32h464c8.84 0 16-7.16 16-16v-16c0-8.84-7.16-16-16-16zm-387.2-48h22.4c6.4 0 12.8-6.4 12.8-12.8v-70.4c0-6.4-6.4-12.8-12.8-12.8h-22.4c-6.4 0-12.8 6.4-12.8 12.8v70.4c0 6.4 6.4 12.8 12.8 12.8z\" class=\"\"><\/path><\/svg><\/i> <img decoding=\"async\" width=\"16\" height=\"16\" alt=\"Loading\" data-src=\"https:\/\/www.centronocaminhodaluz.com.br\/wp-content\/plugins\/page-views-count\/ajax-loader-2x.gif\" border=0 src=\"data:image\/svg+xml;base64,PHN2ZyB3aWR0aD0iMSIgaGVpZ2h0PSIxIiB4bWxucz0iaHR0cDovL3d3dy53My5vcmcvMjAwMC9zdmciPjwvc3ZnPg==\" class=\"lazyload\" style=\"--smush-placeholder-width: 16px; --smush-placeholder-aspect-ratio: 16\/16;\" \/><\/p>\n<div class=\"pvc_clear\"><\/div>\n","protected":false},"excerpt":{"rendered":"<p>&nbsp;&nbsp;&nbsp;&nbsp;&nbsp; Um grupo de estudantes de geografia estudava a respeito das sete maravilhas do mundo. Ao final da aula, lhes foi pedido que fizessem uma lista do que eles pensavam fossem consideradas as sete maravilhas atuais do mundo. Embora com algumas discord\u00e2ncias, a vota\u00e7\u00e3o girou em torno das pir\u00e2mides do Egito, Taj Mahal, Grand Canyon,&hellip; <br \/> <a class=\"read-more\" href=\"https:\/\/www.centronocaminhodaluz.com.br\/index.php\/artigo962\/\">Leia mais<\/a><\/p>\n<div class=\"pvc_clear\"><\/div>\n<p id=\"pvc_stats_962\" class=\"pvc_stats all  \" data-element-id=\"962\" style=\"\"><i class=\"pvc-stats-icon medium\" aria-hidden=\"true\"><svg aria-hidden=\"true\" focusable=\"false\" data-prefix=\"far\" data-icon=\"chart-bar\" role=\"img\" xmlns=\"http:\/\/www.w3.org\/2000\/svg\" viewBox=\"0 0 512 512\" class=\"svg-inline--fa fa-chart-bar fa-w-16 fa-2x\"><path fill=\"currentColor\" d=\"M396.8 352h22.4c6.4 0 12.8-6.4 12.8-12.8V108.8c0-6.4-6.4-12.8-12.8-12.8h-22.4c-6.4 0-12.8 6.4-12.8 12.8v230.4c0 6.4 6.4 12.8 12.8 12.8zm-192 0h22.4c6.4 0 12.8-6.4 12.8-12.8V140.8c0-6.4-6.4-12.8-12.8-12.8h-22.4c-6.4 0-12.8 6.4-12.8 12.8v198.4c0 6.4 6.4 12.8 12.8 12.8zm96 0h22.4c6.4 0 12.8-6.4 12.8-12.8V204.8c0-6.4-6.4-12.8-12.8-12.8h-22.4c-6.4 0-12.8 6.4-12.8 12.8v134.4c0 6.4 6.4 12.8 12.8 12.8zM496 400H48V80c0-8.84-7.16-16-16-16H16C7.16 64 0 71.16 0 80v336c0 17.67 14.33 32 32 32h464c8.84 0 16-7.16 16-16v-16c0-8.84-7.16-16-16-16zm-387.2-48h22.4c6.4 0 12.8-6.4 12.8-12.8v-70.4c0-6.4-6.4-12.8-12.8-12.8h-22.4c-6.4 0-12.8 6.4-12.8 12.8v70.4c0 6.4 6.4 12.8 12.8 12.8z\" class=\"\"><\/path><\/svg><\/i> <img decoding=\"async\" width=\"16\" height=\"16\" alt=\"Loading\" data-src=\"https:\/\/www.centronocaminhodaluz.com.br\/wp-content\/plugins\/page-views-count\/ajax-loader-2x.gif\" border=0 src=\"data:image\/svg+xml;base64,PHN2ZyB3aWR0aD0iMSIgaGVpZ2h0PSIxIiB4bWxucz0iaHR0cDovL3d3dy53My5vcmcvMjAwMC9zdmciPjwvc3ZnPg==\" class=\"lazyload\" style=\"--smush-placeholder-width: 16px; --smush-placeholder-aspect-ratio: 16\/16;\" \/><\/p>\n<div class=\"pvc_clear\"><\/div>\n","protected":false},"author":1,"featured_media":0,"comment_status":"Closed","ping_status":"open","sticky":false,"template":"","format":"standard","meta":{"footnotes":""},"categories":[6],"tags":[],"class_list":["post-962","post","type-post","status-publish","format-standard","hentry","category-joanna-de-angelis"],"a3_pvc":{"activated":true,"total_views":1530,"today_views":0},"_links":{"self":[{"href":"https:\/\/www.centronocaminhodaluz.com.br\/index.php\/wp-json\/wp\/v2\/posts\/962","targetHints":{"allow":["GET"]}}],"collection":[{"href":"https:\/\/www.centronocaminhodaluz.com.br\/index.php\/wp-json\/wp\/v2\/posts"}],"about":[{"href":"https:\/\/www.centronocaminhodaluz.com.br\/index.php\/wp-json\/wp\/v2\/types\/post"}],"author":[{"embeddable":true,"href":"https:\/\/www.centronocaminhodaluz.com.br\/index.php\/wp-json\/wp\/v2\/users\/1"}],"replies":[{"embeddable":true,"href":"https:\/\/www.centronocaminhodaluz.com.br\/index.php\/wp-json\/wp\/v2\/comments?post=962"}],"version-history":[{"count":0,"href":"https:\/\/www.centronocaminhodaluz.com.br\/index.php\/wp-json\/wp\/v2\/posts\/962\/revisions"}],"wp:attachment":[{"href":"https:\/\/www.centronocaminhodaluz.com.br\/index.php\/wp-json\/wp\/v2\/media?parent=962"}],"wp:term":[{"taxonomy":"category","embeddable":true,"href":"https:\/\/www.centronocaminhodaluz.com.br\/index.php\/wp-json\/wp\/v2\/categories?post=962"},{"taxonomy":"post_tag","embeddable":true,"href":"https:\/\/www.centronocaminhodaluz.com.br\/index.php\/wp-json\/wp\/v2\/tags?post=962"}],"curies":[{"name":"wp","href":"https:\/\/api.w.org\/{rel}","templated":true}]}}