{"id":9803,"date":"2009-07-30T00:00:00","date_gmt":"2009-07-30T00:00:00","guid":{"rendered":""},"modified":"2009-07-30T00:00:00","modified_gmt":"2009-07-30T00:00:00","slug":"artigo9803","status":"publish","type":"post","link":"https:\/\/www.centronocaminhodaluz.com.br\/index.php\/artigo9803\/","title":{"rendered":"Voc\u00ea sentir\u00e1 saudades?"},"content":{"rendered":"<p>Um famoso pensador, ao ser entrevistado, afirmou que uma das perguntas de maior teor filos\u00f3fico que mais o fez pensar nos \u00edltimos tempos, tinha vindo de sua filha, uma menina de poucos anos de idade.<\/p>\n<p>Afirmava o entrevistado que, certa feita, ao dar o beijo de boa noite para sua pequena, ela o surpreendeu com a seguinte pergunta: Pai, quando voc\u00ea morrer, ir\u00e1 sentir saudades de mim?<\/p>\n<p>A pergunta da menina, longe da ingenuidade infantil, traz no seu bojo profundos questionamentos filos\u00f3ficos. Voc\u00ea mesmo j\u00e1 se surpreendeu pensando naqueles que lhe antecederam na viagem de retorno ao mundo espiritual?<\/p>\n<p>J\u00e1 se perguntou onde estar\u00e3o eles? Sentir\u00e3o saudades de mim?<\/p>\n<p>Ou j\u00e1 pensou em algum momento: Como pode o manto da morte ser capaz de destruir sonhos, romper la\u00e7os fraternos, separar aqueles que se amam?<\/p>\n<p>E j\u00e1 se questionou se aqueles a quem queremos bem, que nos s\u00e3o caros ao cora\u00e7\u00e3o, que convivemos anos a fio, compartilhando anseios, d\u00edvidas, desafios, medos, com a morte ficam irremediavelmente afastados de n\u00f3s?<\/p>\n<p>\u00c9 comum dizermos: Perdi meu pai, ou Perdi meu filho, quando esses se v\u00e3o com o fen\u00f4meno da morte. Ser\u00e1 verdade que os perdemos?<\/p>\n<p>A raz\u00e3o nos diz que n\u00e3o. Como pode a morte vencer os la\u00e7os constru\u00eddos ao longo dos dias, dos anos, feitos no olhar, na dedica\u00e7\u00e3o, na cumplicidade, no compartilhar de dores e felicidades?<\/p>\n<p>Como pode o fen\u00f4meno biol\u00f3gico vencer os sentimentos verdadeiros, que nascem nos refolhos da alma e s\u00e3o guardados no cora\u00e7\u00e3o?<\/p>\n<p>Pensar dessa forma \u00e9 imaginar que Deus pouca import\u00e2ncia daria para o amor. Afinal, de que valeria amar algu\u00e9m, se isso tudo nos levaria ao nada?<\/p>\n<p>J\u00e1 que a morte do corpo \u00e9 inevit\u00e1vel, inevit\u00e1vel seria ent\u00e3o perder nossos amores.<\/p>\n<p>A l\u00f3gica nos conduz ao entendimento das Leis de Deus, a nos explicar que os la\u00e7os de amor vencem as dist\u00e2ncias provocadas pelo tempo e pelo espa\u00e7o.<\/p>\n<p>Aqueles que se amam, onde estiverem, continuar\u00e3o se amando, mesmo que momentaneamente apartados.<\/p>\n<p>E \u00e9 isso que a morte do nosso corpo f\u00edsico nos provoca. Temporariamente, ficamos apartados daqueles a quem amamos.<\/p>\n<p>No entanto, logo mais, em um tempo que a vida nos dir\u00e1, nos reencontraremos, com as saudades daqueles que, ap\u00f3s longa viagem, se reencontram para reviver o carinho, afeto e sentimentos que sempre existiram.<\/p>\n<p>Quem parte de retorno ao mundo espiritual, pelo fen\u00f4meno da morte do corpo f\u00edsico, \u00e9 algu\u00e9m que nos antecede na viagem de volta.<\/p>\n<p>Como nos ama, de l\u00e1 fica nos aguardando, para um reencontro inevit\u00e1vel. Naturalmente sente saudades como n\u00f3s, sente nossa falta, como sentimos n\u00f3s a dele.<\/p>\n<p>*   *   *<\/p>\n<p>Quando a saudade dos amados apertar nosso peito, que nossos pensamentos sejam de carinho, com a certeza de que nos encontraremos.<\/p>\n<p>Aguardemos sem revolta pois afinal, dia desses l\u00e1 estaremos n\u00f3s, a rev\u00ea-los, no retorno que tamb\u00e9m faremos ao mundo espiritual.<\/p>\n<p>Reda\u00e7\u00e3o do Momento Esp\u00edrita.<br \/>\n<br \/>Em 09.06.2009.<br \/>\n<\/p>\n<div class=\"pvc_clear\"><\/div>\n<p id=\"pvc_stats_9803\" class=\"pvc_stats all  \" data-element-id=\"9803\" style=\"\"><i class=\"pvc-stats-icon medium\" aria-hidden=\"true\"><svg aria-hidden=\"true\" focusable=\"false\" data-prefix=\"far\" data-icon=\"chart-bar\" role=\"img\" xmlns=\"http:\/\/www.w3.org\/2000\/svg\" viewBox=\"0 0 512 512\" class=\"svg-inline--fa fa-chart-bar fa-w-16 fa-2x\"><path fill=\"currentColor\" d=\"M396.8 352h22.4c6.4 0 12.8-6.4 12.8-12.8V108.8c0-6.4-6.4-12.8-12.8-12.8h-22.4c-6.4 0-12.8 6.4-12.8 12.8v230.4c0 6.4 6.4 12.8 12.8 12.8zm-192 0h22.4c6.4 0 12.8-6.4 12.8-12.8V140.8c0-6.4-6.4-12.8-12.8-12.8h-22.4c-6.4 0-12.8 6.4-12.8 12.8v198.4c0 6.4 6.4 12.8 12.8 12.8zm96 0h22.4c6.4 0 12.8-6.4 12.8-12.8V204.8c0-6.4-6.4-12.8-12.8-12.8h-22.4c-6.4 0-12.8 6.4-12.8 12.8v134.4c0 6.4 6.4 12.8 12.8 12.8zM496 400H48V80c0-8.84-7.16-16-16-16H16C7.16 64 0 71.16 0 80v336c0 17.67 14.33 32 32 32h464c8.84 0 16-7.16 16-16v-16c0-8.84-7.16-16-16-16zm-387.2-48h22.4c6.4 0 12.8-6.4 12.8-12.8v-70.4c0-6.4-6.4-12.8-12.8-12.8h-22.4c-6.4 0-12.8 6.4-12.8 12.8v70.4c0 6.4 6.4 12.8 12.8 12.8z\" class=\"\"><\/path><\/svg><\/i> <img decoding=\"async\" width=\"16\" height=\"16\" alt=\"Loading\" data-src=\"https:\/\/www.centronocaminhodaluz.com.br\/wp-content\/plugins\/page-views-count\/ajax-loader-2x.gif\" border=0 src=\"data:image\/svg+xml;base64,PHN2ZyB3aWR0aD0iMSIgaGVpZ2h0PSIxIiB4bWxucz0iaHR0cDovL3d3dy53My5vcmcvMjAwMC9zdmciPjwvc3ZnPg==\" class=\"lazyload\" style=\"--smush-placeholder-width: 16px; --smush-placeholder-aspect-ratio: 16\/16;\" \/><\/p>\n<div class=\"pvc_clear\"><\/div>\n","protected":false},"excerpt":{"rendered":"<p>Um famoso pensador, ao ser entrevistado, afirmou que uma das perguntas de maior teor filos\u00f3fico que mais o fez pensar nos \u00edltimos tempos, tinha vindo de sua filha, uma menina de poucos anos de idade. Afirmava o entrevistado que, certa feita, ao dar o beijo de boa noite para sua pequena, ela o surpreendeu com&hellip; <br \/> <a class=\"read-more\" href=\"https:\/\/www.centronocaminhodaluz.com.br\/index.php\/artigo9803\/\">Leia mais<\/a><\/p>\n<div class=\"pvc_clear\"><\/div>\n<p id=\"pvc_stats_9803\" class=\"pvc_stats all  \" data-element-id=\"9803\" style=\"\"><i class=\"pvc-stats-icon medium\" aria-hidden=\"true\"><svg aria-hidden=\"true\" focusable=\"false\" data-prefix=\"far\" data-icon=\"chart-bar\" role=\"img\" xmlns=\"http:\/\/www.w3.org\/2000\/svg\" viewBox=\"0 0 512 512\" class=\"svg-inline--fa fa-chart-bar fa-w-16 fa-2x\"><path fill=\"currentColor\" d=\"M396.8 352h22.4c6.4 0 12.8-6.4 12.8-12.8V108.8c0-6.4-6.4-12.8-12.8-12.8h-22.4c-6.4 0-12.8 6.4-12.8 12.8v230.4c0 6.4 6.4 12.8 12.8 12.8zm-192 0h22.4c6.4 0 12.8-6.4 12.8-12.8V140.8c0-6.4-6.4-12.8-12.8-12.8h-22.4c-6.4 0-12.8 6.4-12.8 12.8v198.4c0 6.4 6.4 12.8 12.8 12.8zm96 0h22.4c6.4 0 12.8-6.4 12.8-12.8V204.8c0-6.4-6.4-12.8-12.8-12.8h-22.4c-6.4 0-12.8 6.4-12.8 12.8v134.4c0 6.4 6.4 12.8 12.8 12.8zM496 400H48V80c0-8.84-7.16-16-16-16H16C7.16 64 0 71.16 0 80v336c0 17.67 14.33 32 32 32h464c8.84 0 16-7.16 16-16v-16c0-8.84-7.16-16-16-16zm-387.2-48h22.4c6.4 0 12.8-6.4 12.8-12.8v-70.4c0-6.4-6.4-12.8-12.8-12.8h-22.4c-6.4 0-12.8 6.4-12.8 12.8v70.4c0 6.4 6.4 12.8 12.8 12.8z\" class=\"\"><\/path><\/svg><\/i> <img decoding=\"async\" width=\"16\" height=\"16\" alt=\"Loading\" data-src=\"https:\/\/www.centronocaminhodaluz.com.br\/wp-content\/plugins\/page-views-count\/ajax-loader-2x.gif\" border=0 src=\"data:image\/svg+xml;base64,PHN2ZyB3aWR0aD0iMSIgaGVpZ2h0PSIxIiB4bWxucz0iaHR0cDovL3d3dy53My5vcmcvMjAwMC9zdmciPjwvc3ZnPg==\" class=\"lazyload\" style=\"--smush-placeholder-width: 16px; --smush-placeholder-aspect-ratio: 16\/16;\" \/><\/p>\n<div class=\"pvc_clear\"><\/div>\n","protected":false},"author":1,"featured_media":0,"comment_status":"Closed","ping_status":"open","sticky":false,"template":"","format":"standard","meta":{"footnotes":""},"categories":[16],"tags":[],"class_list":["post-9803","post","type-post","status-publish","format-standard","hentry","category-mensagens-diversas"],"a3_pvc":{"activated":true,"total_views":1180,"today_views":0},"_links":{"self":[{"href":"https:\/\/www.centronocaminhodaluz.com.br\/index.php\/wp-json\/wp\/v2\/posts\/9803","targetHints":{"allow":["GET"]}}],"collection":[{"href":"https:\/\/www.centronocaminhodaluz.com.br\/index.php\/wp-json\/wp\/v2\/posts"}],"about":[{"href":"https:\/\/www.centronocaminhodaluz.com.br\/index.php\/wp-json\/wp\/v2\/types\/post"}],"author":[{"embeddable":true,"href":"https:\/\/www.centronocaminhodaluz.com.br\/index.php\/wp-json\/wp\/v2\/users\/1"}],"replies":[{"embeddable":true,"href":"https:\/\/www.centronocaminhodaluz.com.br\/index.php\/wp-json\/wp\/v2\/comments?post=9803"}],"version-history":[{"count":0,"href":"https:\/\/www.centronocaminhodaluz.com.br\/index.php\/wp-json\/wp\/v2\/posts\/9803\/revisions"}],"wp:attachment":[{"href":"https:\/\/www.centronocaminhodaluz.com.br\/index.php\/wp-json\/wp\/v2\/media?parent=9803"}],"wp:term":[{"taxonomy":"category","embeddable":true,"href":"https:\/\/www.centronocaminhodaluz.com.br\/index.php\/wp-json\/wp\/v2\/categories?post=9803"},{"taxonomy":"post_tag","embeddable":true,"href":"https:\/\/www.centronocaminhodaluz.com.br\/index.php\/wp-json\/wp\/v2\/tags?post=9803"}],"curies":[{"name":"wp","href":"https:\/\/api.w.org\/{rel}","templated":true}]}}