{"id":981,"date":"2014-03-25T14:35:00","date_gmt":"2014-03-25T14:35:00","guid":{"rendered":"http:\/\/www.centronocaminhodaluz.com.br\/index.php\/2014\/03\/25\/voce-parou-para-pensar\/"},"modified":"2014-03-25T14:35:00","modified_gmt":"2014-03-25T14:35:00","slug":"artigo981","status":"publish","type":"post","link":"https:\/\/www.centronocaminhodaluz.com.br\/index.php\/artigo981\/","title":{"rendered":"Voc\u00ea parou para pensar?"},"content":{"rendered":"<p><a name=more><\/a>&nbsp;&nbsp;&nbsp;&nbsp;&nbsp;<a href=http:\/\/cecal.centronocaminhodaluz.com.br\/bloguer\/pdf.asp?site=cecal&amp; target=_blank><img src=http:\/\/cecal.centronocaminhodaluz.com.br\/bloguer\/pdf_button.png \/><\/a>     <br \/>Voc\u00ea parou para pensar que se o ar que voc\u00ea respira n\u00e3o fosse fornecido pelo nosso Pai Celeste, custaria muito caro? Possivelmente, alguma concession\u00e1ria tomaria para si os direitos de distribui\u00e7\u00e3o e cobraria o que bem entendesse. E porque todos t\u00eam absoluta necessidade dele, teriam que pagar, como pudessem.  <\/p>\n<p>Em alguns dias, dada a inabilidade de algu\u00e9m, poderia ocorrer uma pane e o ar ficar extremamente rarefeito, inadequado \u00e0 respira\u00e7\u00e3o comum. Ou mesmo faltar, em algumas regi\u00f5es, ocasionando s\u00e9rios transtornos \u00e0 vida na Terra.  <\/p>\n<p>Voc\u00ea parou para pensar que o Excelso Criador poderia ter feito tudo sobre a Terra em preto e branco? Pois \u00e9: n\u00e3o ter\u00edamos a eleg\u00e2ncia das madrugadas, o    encanto das nuvens, o colorido do arco-\u00edris, das auroras boreais e dos campos em flor.  <\/p>\n<p>Tudo seria monocrom\u00e1tico. Com certa beleza, \u00e9 verdade, mas incomparavelmente mon\u00f3tono, num suceder de branco, preto, branco.  <\/p>\n<p>N\u00e3o ter\u00edamos como mergulhar nos olhos azuis, castanhos, cinzas, verdes, dos nossos amores.  <\/p>\n<p>Voc\u00ea parou para pensar quantos amanheceres voc\u00ea n\u00e3o assistiu porque estava dormindo? E quantos crep\u00fasculos, por estar envolto em seus afazeres ou demasiadamente distra\u00eddo?  <\/p>\n<p>Pois Deus, o Eterno Artista, n\u00e3o se incomoda. Ele providencia novos amanheceres, a cada desabrochar de dia. E para o encerramento, se esmera em extraordin\u00e1rios crep\u00fasculos.  <\/p>\n<p>T\u00e3o espetaculares que os homens os fotografam, registram e realizam concursos para eleger o mais bonito p\u00f4r-do-sol.  <\/p>\n<p>Voc\u00ea parou para pensar na qualidade de certos quadros, que retratam determinadas figuras c\u00e9lebres? Voc\u00ea parou para pensar qu\u00e3o admir\u00e1vel \u00e9 a Mona Lisa, exposta no Museu d   o Louvre, em Paris?  <\/p>\n<p>Contudo, o Pintor e Escultor maior produziu uma obra ainda mais extraordin\u00e1ria. Uma obra que, ademais, registra o decorrer dos anos em arabescos caprichosos e vai se colorindo ou descolorindo com o sol, a chuva, os ventos.  <\/p>\n<p>Basta que voc\u00ea se olhe ao espelho para descobrir: \u00e9 voc\u00ea essa obra prima.  <\/p>\n<p>Voc\u00ea parou para pensar como o Jardineiro Divino tem um especial esquema de irriga\u00e7\u00e3o para a imensa natureza? Em certos per\u00edodos, providencia chuvas intensas, em outros, usa somente o regador para aguar as plantinhas, suave e delicadamente.  <\/p>\n<p>Voc\u00ea parou para pensar que nunca est\u00e1 sozinho, que sempre tem Deus por perto? Mesmo quando as nuvens se tornam escuras, parecendo prontas para desaguar em tempestade, mesmo quando os ventos sopram em tormenta.  <\/p>\n<p>Deus est\u00e1 sempre por perto, atento, somente esperando que voc\u00ea O descubra em sua intimidade e dialogue com Ele. Um bate-papo descontra\u00eddo do filho para o Pai.  <\/p>\n<p>E, se pre   star aten\u00e7\u00e3o, ouvir\u00e1 a advert\u00eancia: Meu filho, que parte de Isso n\u00e3o \u00e9 correto, voc\u00ea n\u00e3o entendeu?  <\/p>\n<p>Dei-lhe o mundo todo de riquezas e oportunidades, para seu campo de trabalho e de gozo. Por que voc\u00ea fica encrencando com seus irm\u00e3os, em vez de ser feliz e crescer?  <\/p>\n<p>Por que voc\u00ea fica disputando um peda\u00e7o de terra se \u00e9 herdeiro do Universo? Por que fica angustiado pela posse de bens perec\u00edveis, quando lhe aguarda a imortalidade?  <\/p>\n<p>Finalmente, filho meu, n\u00e3o renuncie a mim. Coloque-se em minhas m\u00e3os e seja feliz.   <\/p>\n<p>Reda\u00e7\u00e3o do Momento Esp\u00edrita, com base no texto  <br \/>Recadinhos de Deus, de autoria ignorada.  <br \/>Em 24.3.2014.<\/p>\n<div class=\"pvc_clear\"><\/div>\n<p id=\"pvc_stats_981\" class=\"pvc_stats all  \" data-element-id=\"981\" style=\"\"><i class=\"pvc-stats-icon medium\" aria-hidden=\"true\"><svg aria-hidden=\"true\" focusable=\"false\" data-prefix=\"far\" data-icon=\"chart-bar\" role=\"img\" xmlns=\"http:\/\/www.w3.org\/2000\/svg\" viewBox=\"0 0 512 512\" class=\"svg-inline--fa fa-chart-bar fa-w-16 fa-2x\"><path fill=\"currentColor\" d=\"M396.8 352h22.4c6.4 0 12.8-6.4 12.8-12.8V108.8c0-6.4-6.4-12.8-12.8-12.8h-22.4c-6.4 0-12.8 6.4-12.8 12.8v230.4c0 6.4 6.4 12.8 12.8 12.8zm-192 0h22.4c6.4 0 12.8-6.4 12.8-12.8V140.8c0-6.4-6.4-12.8-12.8-12.8h-22.4c-6.4 0-12.8 6.4-12.8 12.8v198.4c0 6.4 6.4 12.8 12.8 12.8zm96 0h22.4c6.4 0 12.8-6.4 12.8-12.8V204.8c0-6.4-6.4-12.8-12.8-12.8h-22.4c-6.4 0-12.8 6.4-12.8 12.8v134.4c0 6.4 6.4 12.8 12.8 12.8zM496 400H48V80c0-8.84-7.16-16-16-16H16C7.16 64 0 71.16 0 80v336c0 17.67 14.33 32 32 32h464c8.84 0 16-7.16 16-16v-16c0-8.84-7.16-16-16-16zm-387.2-48h22.4c6.4 0 12.8-6.4 12.8-12.8v-70.4c0-6.4-6.4-12.8-12.8-12.8h-22.4c-6.4 0-12.8 6.4-12.8 12.8v70.4c0 6.4 6.4 12.8 12.8 12.8z\" class=\"\"><\/path><\/svg><\/i> <img decoding=\"async\" width=\"16\" height=\"16\" alt=\"Loading\" data-src=\"https:\/\/www.centronocaminhodaluz.com.br\/wp-content\/plugins\/page-views-count\/ajax-loader-2x.gif\" border=0 src=\"data:image\/svg+xml;base64,PHN2ZyB3aWR0aD0iMSIgaGVpZ2h0PSIxIiB4bWxucz0iaHR0cDovL3d3dy53My5vcmcvMjAwMC9zdmciPjwvc3ZnPg==\" class=\"lazyload\" style=\"--smush-placeholder-width: 16px; --smush-placeholder-aspect-ratio: 16\/16;\" \/><\/p>\n<div class=\"pvc_clear\"><\/div>\n","protected":false},"excerpt":{"rendered":"<p>&nbsp;&nbsp;&nbsp;&nbsp;&nbsp; Voc\u00ea parou para pensar que se o ar que voc\u00ea respira n\u00e3o fosse fornecido pelo nosso Pai Celeste, custaria muito caro? Possivelmente, alguma concession\u00e1ria tomaria para si os direitos de distribui\u00e7\u00e3o e cobraria o que bem entendesse. E porque todos t\u00eam absoluta necessidade dele, teriam que pagar, como pudessem. Em alguns dias, dada a&hellip; <br \/> <a class=\"read-more\" href=\"https:\/\/www.centronocaminhodaluz.com.br\/index.php\/artigo981\/\">Leia mais<\/a><\/p>\n<div class=\"pvc_clear\"><\/div>\n<p id=\"pvc_stats_981\" class=\"pvc_stats all  \" data-element-id=\"981\" style=\"\"><i class=\"pvc-stats-icon medium\" aria-hidden=\"true\"><svg aria-hidden=\"true\" focusable=\"false\" data-prefix=\"far\" data-icon=\"chart-bar\" role=\"img\" xmlns=\"http:\/\/www.w3.org\/2000\/svg\" viewBox=\"0 0 512 512\" class=\"svg-inline--fa fa-chart-bar fa-w-16 fa-2x\"><path fill=\"currentColor\" d=\"M396.8 352h22.4c6.4 0 12.8-6.4 12.8-12.8V108.8c0-6.4-6.4-12.8-12.8-12.8h-22.4c-6.4 0-12.8 6.4-12.8 12.8v230.4c0 6.4 6.4 12.8 12.8 12.8zm-192 0h22.4c6.4 0 12.8-6.4 12.8-12.8V140.8c0-6.4-6.4-12.8-12.8-12.8h-22.4c-6.4 0-12.8 6.4-12.8 12.8v198.4c0 6.4 6.4 12.8 12.8 12.8zm96 0h22.4c6.4 0 12.8-6.4 12.8-12.8V204.8c0-6.4-6.4-12.8-12.8-12.8h-22.4c-6.4 0-12.8 6.4-12.8 12.8v134.4c0 6.4 6.4 12.8 12.8 12.8zM496 400H48V80c0-8.84-7.16-16-16-16H16C7.16 64 0 71.16 0 80v336c0 17.67 14.33 32 32 32h464c8.84 0 16-7.16 16-16v-16c0-8.84-7.16-16-16-16zm-387.2-48h22.4c6.4 0 12.8-6.4 12.8-12.8v-70.4c0-6.4-6.4-12.8-12.8-12.8h-22.4c-6.4 0-12.8 6.4-12.8 12.8v70.4c0 6.4 6.4 12.8 12.8 12.8z\" class=\"\"><\/path><\/svg><\/i> <img decoding=\"async\" width=\"16\" height=\"16\" alt=\"Loading\" data-src=\"https:\/\/www.centronocaminhodaluz.com.br\/wp-content\/plugins\/page-views-count\/ajax-loader-2x.gif\" border=0 src=\"data:image\/svg+xml;base64,PHN2ZyB3aWR0aD0iMSIgaGVpZ2h0PSIxIiB4bWxucz0iaHR0cDovL3d3dy53My5vcmcvMjAwMC9zdmciPjwvc3ZnPg==\" class=\"lazyload\" style=\"--smush-placeholder-width: 16px; --smush-placeholder-aspect-ratio: 16\/16;\" \/><\/p>\n<div class=\"pvc_clear\"><\/div>\n","protected":false},"author":1,"featured_media":0,"comment_status":"Closed","ping_status":"open","sticky":false,"template":"","format":"standard","meta":{"footnotes":""},"categories":[16],"tags":[],"class_list":["post-981","post","type-post","status-publish","format-standard","hentry","category-mensagens-diversas"],"a3_pvc":{"activated":true,"total_views":1819,"today_views":0},"_links":{"self":[{"href":"https:\/\/www.centronocaminhodaluz.com.br\/index.php\/wp-json\/wp\/v2\/posts\/981","targetHints":{"allow":["GET"]}}],"collection":[{"href":"https:\/\/www.centronocaminhodaluz.com.br\/index.php\/wp-json\/wp\/v2\/posts"}],"about":[{"href":"https:\/\/www.centronocaminhodaluz.com.br\/index.php\/wp-json\/wp\/v2\/types\/post"}],"author":[{"embeddable":true,"href":"https:\/\/www.centronocaminhodaluz.com.br\/index.php\/wp-json\/wp\/v2\/users\/1"}],"replies":[{"embeddable":true,"href":"https:\/\/www.centronocaminhodaluz.com.br\/index.php\/wp-json\/wp\/v2\/comments?post=981"}],"version-history":[{"count":0,"href":"https:\/\/www.centronocaminhodaluz.com.br\/index.php\/wp-json\/wp\/v2\/posts\/981\/revisions"}],"wp:attachment":[{"href":"https:\/\/www.centronocaminhodaluz.com.br\/index.php\/wp-json\/wp\/v2\/media?parent=981"}],"wp:term":[{"taxonomy":"category","embeddable":true,"href":"https:\/\/www.centronocaminhodaluz.com.br\/index.php\/wp-json\/wp\/v2\/categories?post=981"},{"taxonomy":"post_tag","embeddable":true,"href":"https:\/\/www.centronocaminhodaluz.com.br\/index.php\/wp-json\/wp\/v2\/tags?post=981"}],"curies":[{"name":"wp","href":"https:\/\/api.w.org\/{rel}","templated":true}]}}