{"id":9811,"date":"2009-08-05T00:00:00","date_gmt":"2009-08-05T00:00:00","guid":{"rendered":""},"modified":"2009-08-05T00:00:00","modified_gmt":"2009-08-05T00:00:00","slug":"artigo9811","status":"publish","type":"post","link":"https:\/\/www.centronocaminhodaluz.com.br\/index.php\/artigo9811\/","title":{"rendered":"Solid\u00e3o"},"content":{"rendered":"\n<p>Ou\u00e7amos com os ouvidos internos, pois ningu\u00e9m pode assimilar bem uma experi\u00eancia que n\u00e3o provenha de sua pr\u00f3pria orienta\u00e7\u00e3o interior.<\/p>\n<p>Segundo Pascal, o grande pensador cient\u00edfico-filos\u00f3fico do s\u00e9culo XVII,  a verdadeira natureza do homem, seu verdadeiro bem, sua verdadeira virtude e a verdadeira religi\u00e3o s\u00e3o coisas cujo conhecimento \u00e9 insepar\u00e1vel. \u009d<br \/>\n<br \/>\tNem sempre a solid\u00e3o pode ser encarada como dor ou ins\u00e2nia. \u00c9, em muitas ocasi\u00f5es, per\u00edodos de prepara\u00e7\u00e3o, tempos de crescimento, convites da vida ao amadurecimento.<br \/>\n<br \/>\tDe acordo com o pensamento de Pascal, o \u00e2mago do ser est\u00e1 intimamente ligado ao bem,\u00e0 virtude e\u00e0 religi\u00e3o. \u00c9 justamente nas  \u00e9pocas de solid\u00e3o \u009d que conseguimos a motiva\u00e7\u00e3o necess\u00e1ria para estabelecer a verdade sobre esse fato.<br \/>\n<br \/>\tNa solid\u00e3o, \u00e9 que encontramos sanidade para nosso mundo interior, respostas seguras para nossos caminhos incertos e nutri\u00e7\u00e3o vitalizante para os labores que enfrentamos em nossa viagem terrena.<br \/>\n<br \/>\tNestes nossos apontamentos sobre a solid\u00e3o, n\u00e3o estamos nos referindo\u00e0  tristeza de estar s\u00f3 \u009d, mas sim, necessariamente,\u00e0  quietude \u00edntima \u009d, t\u00e3o importante e saud\u00e1vel para que fa\u00e7amos um trabalho de autoconsci\u00eancia, valorizando as nuances de nossa vida interior.<br \/>\n<br \/>\tMuitos indiv\u00edduos vivem dentro de um ciclo di\u00e1rio estafante. Realizam suas atividades num ambiente de competitividade, agita\u00e7\u00e3o, pressa e rivalidade, vivendo em constante tens\u00e3o psicol\u00f3gica e, por consequ\u00eancia, alterando suas fun\u00e7\u00f5es fisiol\u00f3gicas. Por viverem num estado de cansa\u00e7o e desgaste cont\u00ednuos, n\u00e3o conseguem fazer uma real intera\u00e7\u00e3o entre o meio ambiente e seu mundo interno, o que ocasiona s\u00e9rios problemas de conviv\u00eancia e in\u00edmeros conflitos pessoais.<br \/>\n<br \/>\tNem sempre \u00e9 poss\u00edvel abandonarmos a vida alvoro\u00e7ada, os ru\u00eddos e as m\u00edsicas estridentes, talvez seja at\u00e9 mesmo invi\u00e1vel; mas \u00e9 perfeitamente realiz\u00e1vel dedicarmos algum tempo\u00e0 solid\u00e3o, retirando-nos para momentos de reflex\u00e3o.<br \/>\n<br \/>\tNos instantes de sil\u00eancio, exercitamos o aprendizado que nos levar\u00e1 a abrir um canal receptivo\u00e0 Consci\u00eancia Divina. \u00c9 nesse momento que ficamos cientes de que realmente n\u00e3o estamos sozinhos e que podemos entrar em contato com a voz da consci\u00eancia. A voz de Deus, por assim dizer, come\u00e7ar\u00e1 a  falar em n\u00f3s \u009d.<br \/>\n<br \/>\tIn\u00edmeras criaturas criam uma mente agitada por temerem que est\u00e3o vazias, pensam n\u00e3o haver nada dentro delas que lhes d\u00ea prote\u00e7\u00e3o, apoio e seguran\u00e7a. Acreditam que s\u00e3o uma casca que precisa exclusivamente de sustenta\u00e7\u00e3o exterior; por isso, continuam ocupando a casa mental ansiosamente, obstruindo seu acesso\u00e0 luz espiritual.<br \/>\n<br \/>\tA mente pode ser uma ajuda efetiva, ou mesmo um obst\u00e1culo ferrenho na escolha da melhor dire\u00e7\u00e3o para atingirmos o amadurecimento \u00edntimo. A cren\u00e7a em nossa limita\u00e7\u00e3o \u00e9 que faz com que restrinjamos nossa mente. Isso se agrava quando envolvemo-la no burburinho de vozes, no tumulto e na agita\u00e7\u00e3o do cotidiano, passando assim a n\u00e3o avaliarmos corretamente seu verdadeiro potencial.<br \/>\n<br \/>\tS\u00e3o muitos os caminhos de Deus, e a solid\u00e3o pode ser um deles.  E saindo, foi, como costumava, para o Monte das Oliveiras; e tamb\u00e9m os seus disc\u00edpulos o seguiram. \u009d<br \/>\n<br \/>\tJesus Cristo, constantemente, se retirava para a intimidade que o sil\u00eancio proporciona, pois, entendia que a eleva\u00e7\u00e3o de alma somente \u00e9 poss\u00edvel na  privacidade da solid\u00e3o \u009d.<br \/>\n<br \/>\tO Cristo Amoroso sabia que, quando houvesse sil\u00eancio no cora\u00e7\u00e3o e no intelecto, se estabeleceriam as bases seguras da rela\u00e7\u00e3o entre a criatura e o Criador, proporcionando a percep\u00e7\u00e3o de que somos unos com a Vida e unos com todos os seres.<br \/>\n<br \/>\t &#8230;buscam no retiro a tranquilidade que certos trabalhos reclamam. (&#8230;) Isso n\u00e3o \u00e9 retraimento absoluto do ego\u00edsta. Esses n\u00e3o se insulam da sociedade, porquanto para ela trabalham. \u009d<br \/>\n<br \/>\tA Espiritualidade Maior entende que, nos retiros de tranquilidade, criamos uma sustenta\u00e7\u00e3o interior, que nos permite sintonizar com as leis divinas e com os valores reais da consci\u00eancia crist\u00e3.<br \/>\n<br \/>\tOu\u00e7amos com os ouvidos internos, pois ningu\u00e9m pode assimilar bem uma experi\u00eancia que n\u00e3o provenha de sua pr\u00f3pria orienta\u00e7\u00e3o interior.<br \/>\n<br \/>\tNingu\u00e9m \u00e9 capaz de seguir sua verdadeira estrada existencial, se n\u00e3o refletir sobre sua ess\u00eancia. N\u00e3o encontraremos o caminho de que verdadeiramente necessitamos, se n\u00f3s mesmos n\u00e3o o buscarmos, usando nossos inerentes recursos da alma para perceber as inarticuladas orienta\u00e7\u00f5es divinas em n\u00f3s.<br \/>\n<br \/>\tSomente cada um pode interpretar as raz\u00f5es da Vida em si mesmo.<br \/>\n<br \/>\tAdotemos o aprendizado com o Senhor Jesus, exemplificado no Horto das Oliveiras: retiremo-nos para um lugar\u00e0 parte e cultivemos os interesses de nossa alma.<br \/>\n<br \/>\tSe n\u00e3o encontrarmos um recanto externo que facilite a medita\u00e7\u00e3o, nem alguma paisagem mais afastada junto\u00e0 Natureza, onde possamos repousar da inquieta\u00e7\u00e3o da multid\u00e3o, mesmo assim poderemos penetrar o nosso santu\u00e1rio \u00edntimo.<br \/>\n<br \/>\tSigamos o Mestre, recolhendo-nos na solid\u00e3o e no sil\u00eancio do templo da alma, onde exclusivamente encontraremos as reais concep\u00e7\u00f5es do amor e da justi\u00e7a, da felicidade e da paz, de que todos temos direito por Paternidade Divina. <\/p>\n<p>Esp\u00edrito: HAMMED<br \/>\n<br \/>M\u00e9dium: Francisco do Esp\u00edrito Santo Neto  \u201c As dores da alma.<br \/>\n<\/p>\n<div class=\"pvc_clear\"><\/div>\n<p id=\"pvc_stats_9811\" class=\"pvc_stats all  \" data-element-id=\"9811\" style=\"\"><i class=\"pvc-stats-icon medium\" aria-hidden=\"true\"><svg aria-hidden=\"true\" focusable=\"false\" data-prefix=\"far\" data-icon=\"chart-bar\" role=\"img\" xmlns=\"http:\/\/www.w3.org\/2000\/svg\" viewBox=\"0 0 512 512\" class=\"svg-inline--fa fa-chart-bar fa-w-16 fa-2x\"><path fill=\"currentColor\" d=\"M396.8 352h22.4c6.4 0 12.8-6.4 12.8-12.8V108.8c0-6.4-6.4-12.8-12.8-12.8h-22.4c-6.4 0-12.8 6.4-12.8 12.8v230.4c0 6.4 6.4 12.8 12.8 12.8zm-192 0h22.4c6.4 0 12.8-6.4 12.8-12.8V140.8c0-6.4-6.4-12.8-12.8-12.8h-22.4c-6.4 0-12.8 6.4-12.8 12.8v198.4c0 6.4 6.4 12.8 12.8 12.8zm96 0h22.4c6.4 0 12.8-6.4 12.8-12.8V204.8c0-6.4-6.4-12.8-12.8-12.8h-22.4c-6.4 0-12.8 6.4-12.8 12.8v134.4c0 6.4 6.4 12.8 12.8 12.8zM496 400H48V80c0-8.84-7.16-16-16-16H16C7.16 64 0 71.16 0 80v336c0 17.67 14.33 32 32 32h464c8.84 0 16-7.16 16-16v-16c0-8.84-7.16-16-16-16zm-387.2-48h22.4c6.4 0 12.8-6.4 12.8-12.8v-70.4c0-6.4-6.4-12.8-12.8-12.8h-22.4c-6.4 0-12.8 6.4-12.8 12.8v70.4c0 6.4 6.4 12.8 12.8 12.8z\" class=\"\"><\/path><\/svg><\/i> <img decoding=\"async\" width=\"16\" height=\"16\" alt=\"Loading\" data-src=\"https:\/\/www.centronocaminhodaluz.com.br\/wp-content\/plugins\/page-views-count\/ajax-loader-2x.gif\" border=0 src=\"data:image\/svg+xml;base64,PHN2ZyB3aWR0aD0iMSIgaGVpZ2h0PSIxIiB4bWxucz0iaHR0cDovL3d3dy53My5vcmcvMjAwMC9zdmciPjwvc3ZnPg==\" class=\"lazyload\" style=\"--smush-placeholder-width: 16px; --smush-placeholder-aspect-ratio: 16\/16;\" \/><\/p>\n<div class=\"pvc_clear\"><\/div>\n","protected":false},"excerpt":{"rendered":"<p>Ou\u00e7amos com os ouvidos internos, pois ningu\u00e9m pode assimilar bem uma experi\u00eancia que n\u00e3o provenha de sua pr\u00f3pria orienta\u00e7\u00e3o interior. Segundo Pascal, o grande pensador cient\u00edfico-filos\u00f3fico do s\u00e9culo XVII, a verdadeira natureza do homem, seu verdadeiro bem, sua verdadeira virtude e a verdadeira religi\u00e3o s\u00e3o coisas cujo conhecimento \u00e9 insepar\u00e1vel. \u009d Nem sempre a solid\u00e3o&hellip; <br \/> <a class=\"read-more\" href=\"https:\/\/www.centronocaminhodaluz.com.br\/index.php\/artigo9811\/\">Leia mais<\/a><\/p>\n<div class=\"pvc_clear\"><\/div>\n<p id=\"pvc_stats_9811\" class=\"pvc_stats all  \" data-element-id=\"9811\" style=\"\"><i class=\"pvc-stats-icon medium\" aria-hidden=\"true\"><svg aria-hidden=\"true\" focusable=\"false\" data-prefix=\"far\" data-icon=\"chart-bar\" role=\"img\" xmlns=\"http:\/\/www.w3.org\/2000\/svg\" viewBox=\"0 0 512 512\" class=\"svg-inline--fa fa-chart-bar fa-w-16 fa-2x\"><path fill=\"currentColor\" d=\"M396.8 352h22.4c6.4 0 12.8-6.4 12.8-12.8V108.8c0-6.4-6.4-12.8-12.8-12.8h-22.4c-6.4 0-12.8 6.4-12.8 12.8v230.4c0 6.4 6.4 12.8 12.8 12.8zm-192 0h22.4c6.4 0 12.8-6.4 12.8-12.8V140.8c0-6.4-6.4-12.8-12.8-12.8h-22.4c-6.4 0-12.8 6.4-12.8 12.8v198.4c0 6.4 6.4 12.8 12.8 12.8zm96 0h22.4c6.4 0 12.8-6.4 12.8-12.8V204.8c0-6.4-6.4-12.8-12.8-12.8h-22.4c-6.4 0-12.8 6.4-12.8 12.8v134.4c0 6.4 6.4 12.8 12.8 12.8zM496 400H48V80c0-8.84-7.16-16-16-16H16C7.16 64 0 71.16 0 80v336c0 17.67 14.33 32 32 32h464c8.84 0 16-7.16 16-16v-16c0-8.84-7.16-16-16-16zm-387.2-48h22.4c6.4 0 12.8-6.4 12.8-12.8v-70.4c0-6.4-6.4-12.8-12.8-12.8h-22.4c-6.4 0-12.8 6.4-12.8 12.8v70.4c0 6.4 6.4 12.8 12.8 12.8z\" class=\"\"><\/path><\/svg><\/i> <img decoding=\"async\" width=\"16\" height=\"16\" alt=\"Loading\" data-src=\"https:\/\/www.centronocaminhodaluz.com.br\/wp-content\/plugins\/page-views-count\/ajax-loader-2x.gif\" border=0 src=\"data:image\/svg+xml;base64,PHN2ZyB3aWR0aD0iMSIgaGVpZ2h0PSIxIiB4bWxucz0iaHR0cDovL3d3dy53My5vcmcvMjAwMC9zdmciPjwvc3ZnPg==\" class=\"lazyload\" style=\"--smush-placeholder-width: 16px; --smush-placeholder-aspect-ratio: 16\/16;\" \/><\/p>\n<div class=\"pvc_clear\"><\/div>\n","protected":false},"author":1,"featured_media":0,"comment_status":"Closed","ping_status":"open","sticky":false,"template":"","format":"standard","meta":{"footnotes":""},"categories":[16],"tags":[],"class_list":["post-9811","post","type-post","status-publish","format-standard","hentry","category-mensagens-diversas"],"a3_pvc":{"activated":true,"total_views":930,"today_views":0},"_links":{"self":[{"href":"https:\/\/www.centronocaminhodaluz.com.br\/index.php\/wp-json\/wp\/v2\/posts\/9811","targetHints":{"allow":["GET"]}}],"collection":[{"href":"https:\/\/www.centronocaminhodaluz.com.br\/index.php\/wp-json\/wp\/v2\/posts"}],"about":[{"href":"https:\/\/www.centronocaminhodaluz.com.br\/index.php\/wp-json\/wp\/v2\/types\/post"}],"author":[{"embeddable":true,"href":"https:\/\/www.centronocaminhodaluz.com.br\/index.php\/wp-json\/wp\/v2\/users\/1"}],"replies":[{"embeddable":true,"href":"https:\/\/www.centronocaminhodaluz.com.br\/index.php\/wp-json\/wp\/v2\/comments?post=9811"}],"version-history":[{"count":0,"href":"https:\/\/www.centronocaminhodaluz.com.br\/index.php\/wp-json\/wp\/v2\/posts\/9811\/revisions"}],"wp:attachment":[{"href":"https:\/\/www.centronocaminhodaluz.com.br\/index.php\/wp-json\/wp\/v2\/media?parent=9811"}],"wp:term":[{"taxonomy":"category","embeddable":true,"href":"https:\/\/www.centronocaminhodaluz.com.br\/index.php\/wp-json\/wp\/v2\/categories?post=9811"},{"taxonomy":"post_tag","embeddable":true,"href":"https:\/\/www.centronocaminhodaluz.com.br\/index.php\/wp-json\/wp\/v2\/tags?post=9811"}],"curies":[{"name":"wp","href":"https:\/\/api.w.org\/{rel}","templated":true}]}}