{"id":984,"date":"2014-03-25T14:25:00","date_gmt":"2014-03-25T14:25:00","guid":{"rendered":"http:\/\/www.centronocaminhodaluz.com.br\/index.php\/2014\/03\/25\/de-migalhas-faz-se-o-pao\/"},"modified":"2014-03-25T14:25:00","modified_gmt":"2014-03-25T14:25:00","slug":"artigo984","status":"publish","type":"post","link":"https:\/\/www.centronocaminhodaluz.com.br\/index.php\/artigo984\/","title":{"rendered":"De migalhas faz-se o p\u00e3o"},"content":{"rendered":"<p><a name=more><\/a>&nbsp;&nbsp;&nbsp;&nbsp;&nbsp;<a href=http:\/\/cecal.centronocaminhodaluz.com.br\/bloguer\/pdf.asp?site=cecal&amp; target=_blank><img src=http:\/\/cecal.centronocaminhodaluz.com.br\/bloguer\/pdf_button.png \/><\/a>  Com apenas seis anos, Beatriz Martins decidiu que sua miss\u00e3o seria ajudar o pr\u00f3ximo e fazer a corrente do bem se multiplicar.  <\/p>\n<p>Um dia, passeando de carro com a fam\u00edlia, parou em um sem\u00e1foro e viu crian\u00e7as, como ela, pedindo balas para os motoristas.  <\/p>\n<p>Chocada, n\u00e3o conseguiu entender as diferen\u00e7as sociais entre ela e aquelas crian\u00e7as.  <\/p>\n<p>Elas estavam com roupas rasgadas.  <\/p>\n<p>Perguntei ao meu pai por que estavam daquele jeito, relembra Bia, inconformada com a cena.  <\/p>\n<p>O pai, dedicado, deu a ela algumas explica\u00e7\u00f5es sobre as diferen\u00e7as sociais.  <\/p>\n<p>Mesmo assim, eu continuava n\u00e3o entendendo, achava uma injusti\u00e7a, disse a menina.  <\/p>\n<p>A cena n\u00e3o saiu da sua cabe\u00e7a   . Ela queria ajudar.  <\/p>\n<p>Apesar de n\u00e3o saber como isso poderia ser feito, passou quatro meses guardando toda bala, pirulito ou doce que ganhasse.  <\/p>\n<p>Quando chegasse o natal, o plano era distribuir todos os doces na comunidade daquelas crian\u00e7as do sem\u00e1foro.  <\/p>\n<p>Surpreso com a atitude da filha, o pai chamou amigos, vizinhos, parentes e quem mais pudesse ajudar para recolher donativos.  <\/p>\n<p>No Natal daquele ano, atendemos seiscentas crian\u00e7as, lembra Bia.  <\/p>\n<p>Ela ainda n\u00e3o sabia, mas tinha acabado de fundar sua ONG.  <\/p>\n<p>Na P\u00e1scoa e nas pr\u00f3ximas datas comemorativas, a menina tamb\u00e9m entrou em a\u00e7\u00e3o, alcan\u00e7ando mais duas mil crian\u00e7as em todo o Estado de S\u00e3o Paulo.  <\/p>\n<p>N\u00e3o demorou muito para a iniciativa ganhar nome &#8211; Olhar de Bia &#8211; e se consolidar.  <\/p>\n<p>Nos dias atuais, com treze anos e articulada como gente grande, Bia n\u00e3o para de multiplicar a corrente.  <\/p>\n<p>Ampliou sua assist\u00eancia para al\u00e9m das comunidades, e passou a fazer a\u00e7\u00f5es em esco   las e creches.  <\/p>\n<p>Em dezembro do ano de 2013, enviou doa\u00e7\u00f5es para as v\u00edtimas das fortes chuvas do Esp\u00edrito Santo, que deixaram mais de sessenta mil pessoas desabrigadas ou desalojadas.  <\/p>\n<p>Somente no Natal de 2013, vinte e dois mil, cento e oitenta e sete itens, entre brinquedos, alimentos, aparelhos eletr\u00f4nicos, roupas e livros foram distribu\u00eddos.  <\/p>\n<p>A gente n\u00e3o faz s\u00f3 a a\u00e7\u00e3o, \u00e9 um evento com trio el\u00e9trico, m\u00e1gicos, brinquedos infl\u00e1veis, tudo com volunt\u00e1rios, conta a garota.  <\/p>\n<p>Em sete anos, o Olhar de Bia informa ter atendido mais de cem mil brasileiros.  <\/p>\n<p>As pessoas querem ajudar, n\u00e3o sabem como, e sempre v\u00e3o deixando essa vontade para depois, afirma.  <\/p>\n<p>A garotinha, que j\u00e1 foi deputada federal mirim em Bras\u00edlia, sonha em ser jornalista e lutar pelas causas sociais.  <\/p>\n<p>Agora, ela quer mais. Pretende oferecer cursos profissionalizantes para jovens, criar parcerias com outras organiza\u00e7\u00f5es para levar assist\u00eancia odontol\u00f3gica a escola   s da periferia e construir uma sede para a ONG.  <\/p>\n<p>A ideia \u00e9 espalhar a sementinha, ajudando cada vez mais.  <\/p>\n<p>*   *   *  <\/p>\n<p>Um gesto de caridade  <\/p>\n<p>Apaga muitas feridas  <\/p>\n<p>Um minuto de evangelho  <\/p>\n<p>Pode salvar muitas vidas.  <\/p>\n<p>De gotas d\u00e1gua o ribeiro  <\/p>\n<p>\u00c9 a doce e clara uni\u00e3o  <\/p>\n<p>De segundos faz-se o tempo  <\/p>\n<p>De migalhas faz-se o p\u00e3o.  <\/p>\n<p>Reda\u00e7\u00e3o do Momento Esp\u00edrita, com base em mat\u00e9ria do site  <br \/>www.sonoticiaboa.com.br, de 11 de janeiro de 2014, e em versos da poesia  <br \/>Na jornada de luz, pelo Esp\u00edrito Casimiro Cunha, psicografia de Francisco  <br \/>C\u00e2ndido Xavier, do livro Caridade, ed.IDE.  <br \/>Em 18.3.2014.<\/p>\n<div class=\"pvc_clear\"><\/div>\n<p id=\"pvc_stats_984\" class=\"pvc_stats all  \" data-element-id=\"984\" style=\"\"><i class=\"pvc-stats-icon medium\" aria-hidden=\"true\"><svg aria-hidden=\"true\" focusable=\"false\" data-prefix=\"far\" data-icon=\"chart-bar\" role=\"img\" xmlns=\"http:\/\/www.w3.org\/2000\/svg\" viewBox=\"0 0 512 512\" class=\"svg-inline--fa fa-chart-bar fa-w-16 fa-2x\"><path fill=\"currentColor\" d=\"M396.8 352h22.4c6.4 0 12.8-6.4 12.8-12.8V108.8c0-6.4-6.4-12.8-12.8-12.8h-22.4c-6.4 0-12.8 6.4-12.8 12.8v230.4c0 6.4 6.4 12.8 12.8 12.8zm-192 0h22.4c6.4 0 12.8-6.4 12.8-12.8V140.8c0-6.4-6.4-12.8-12.8-12.8h-22.4c-6.4 0-12.8 6.4-12.8 12.8v198.4c0 6.4 6.4 12.8 12.8 12.8zm96 0h22.4c6.4 0 12.8-6.4 12.8-12.8V204.8c0-6.4-6.4-12.8-12.8-12.8h-22.4c-6.4 0-12.8 6.4-12.8 12.8v134.4c0 6.4 6.4 12.8 12.8 12.8zM496 400H48V80c0-8.84-7.16-16-16-16H16C7.16 64 0 71.16 0 80v336c0 17.67 14.33 32 32 32h464c8.84 0 16-7.16 16-16v-16c0-8.84-7.16-16-16-16zm-387.2-48h22.4c6.4 0 12.8-6.4 12.8-12.8v-70.4c0-6.4-6.4-12.8-12.8-12.8h-22.4c-6.4 0-12.8 6.4-12.8 12.8v70.4c0 6.4 6.4 12.8 12.8 12.8z\" class=\"\"><\/path><\/svg><\/i> <img decoding=\"async\" width=\"16\" height=\"16\" alt=\"Loading\" data-src=\"https:\/\/www.centronocaminhodaluz.com.br\/wp-content\/plugins\/page-views-count\/ajax-loader-2x.gif\" border=0 src=\"data:image\/svg+xml;base64,PHN2ZyB3aWR0aD0iMSIgaGVpZ2h0PSIxIiB4bWxucz0iaHR0cDovL3d3dy53My5vcmcvMjAwMC9zdmciPjwvc3ZnPg==\" class=\"lazyload\" style=\"--smush-placeholder-width: 16px; --smush-placeholder-aspect-ratio: 16\/16;\" \/><\/p>\n<div class=\"pvc_clear\"><\/div>\n","protected":false},"excerpt":{"rendered":"<p>&nbsp;&nbsp;&nbsp;&nbsp;&nbsp; Com apenas seis anos, Beatriz Martins decidiu que sua miss\u00e3o seria ajudar o pr\u00f3ximo e fazer a corrente do bem se multiplicar. Um dia, passeando de carro com a fam\u00edlia, parou em um sem\u00e1foro e viu crian\u00e7as, como ela, pedindo balas para os motoristas. Chocada, n\u00e3o conseguiu entender as diferen\u00e7as sociais entre ela e&hellip; <br \/> <a class=\"read-more\" href=\"https:\/\/www.centronocaminhodaluz.com.br\/index.php\/artigo984\/\">Leia mais<\/a><\/p>\n<div class=\"pvc_clear\"><\/div>\n<p id=\"pvc_stats_984\" class=\"pvc_stats all  \" data-element-id=\"984\" style=\"\"><i class=\"pvc-stats-icon medium\" aria-hidden=\"true\"><svg aria-hidden=\"true\" focusable=\"false\" data-prefix=\"far\" data-icon=\"chart-bar\" role=\"img\" xmlns=\"http:\/\/www.w3.org\/2000\/svg\" viewBox=\"0 0 512 512\" class=\"svg-inline--fa fa-chart-bar fa-w-16 fa-2x\"><path fill=\"currentColor\" d=\"M396.8 352h22.4c6.4 0 12.8-6.4 12.8-12.8V108.8c0-6.4-6.4-12.8-12.8-12.8h-22.4c-6.4 0-12.8 6.4-12.8 12.8v230.4c0 6.4 6.4 12.8 12.8 12.8zm-192 0h22.4c6.4 0 12.8-6.4 12.8-12.8V140.8c0-6.4-6.4-12.8-12.8-12.8h-22.4c-6.4 0-12.8 6.4-12.8 12.8v198.4c0 6.4 6.4 12.8 12.8 12.8zm96 0h22.4c6.4 0 12.8-6.4 12.8-12.8V204.8c0-6.4-6.4-12.8-12.8-12.8h-22.4c-6.4 0-12.8 6.4-12.8 12.8v134.4c0 6.4 6.4 12.8 12.8 12.8zM496 400H48V80c0-8.84-7.16-16-16-16H16C7.16 64 0 71.16 0 80v336c0 17.67 14.33 32 32 32h464c8.84 0 16-7.16 16-16v-16c0-8.84-7.16-16-16-16zm-387.2-48h22.4c6.4 0 12.8-6.4 12.8-12.8v-70.4c0-6.4-6.4-12.8-12.8-12.8h-22.4c-6.4 0-12.8 6.4-12.8 12.8v70.4c0 6.4 6.4 12.8 12.8 12.8z\" class=\"\"><\/path><\/svg><\/i> <img decoding=\"async\" width=\"16\" height=\"16\" alt=\"Loading\" data-src=\"https:\/\/www.centronocaminhodaluz.com.br\/wp-content\/plugins\/page-views-count\/ajax-loader-2x.gif\" border=0 src=\"data:image\/svg+xml;base64,PHN2ZyB3aWR0aD0iMSIgaGVpZ2h0PSIxIiB4bWxucz0iaHR0cDovL3d3dy53My5vcmcvMjAwMC9zdmciPjwvc3ZnPg==\" class=\"lazyload\" style=\"--smush-placeholder-width: 16px; --smush-placeholder-aspect-ratio: 16\/16;\" \/><\/p>\n<div class=\"pvc_clear\"><\/div>\n","protected":false},"author":1,"featured_media":0,"comment_status":"Closed","ping_status":"open","sticky":false,"template":"","format":"standard","meta":{"footnotes":""},"categories":[16],"tags":[],"class_list":["post-984","post","type-post","status-publish","format-standard","hentry","category-mensagens-diversas"],"a3_pvc":{"activated":true,"total_views":2304,"today_views":0},"_links":{"self":[{"href":"https:\/\/www.centronocaminhodaluz.com.br\/index.php\/wp-json\/wp\/v2\/posts\/984","targetHints":{"allow":["GET"]}}],"collection":[{"href":"https:\/\/www.centronocaminhodaluz.com.br\/index.php\/wp-json\/wp\/v2\/posts"}],"about":[{"href":"https:\/\/www.centronocaminhodaluz.com.br\/index.php\/wp-json\/wp\/v2\/types\/post"}],"author":[{"embeddable":true,"href":"https:\/\/www.centronocaminhodaluz.com.br\/index.php\/wp-json\/wp\/v2\/users\/1"}],"replies":[{"embeddable":true,"href":"https:\/\/www.centronocaminhodaluz.com.br\/index.php\/wp-json\/wp\/v2\/comments?post=984"}],"version-history":[{"count":0,"href":"https:\/\/www.centronocaminhodaluz.com.br\/index.php\/wp-json\/wp\/v2\/posts\/984\/revisions"}],"wp:attachment":[{"href":"https:\/\/www.centronocaminhodaluz.com.br\/index.php\/wp-json\/wp\/v2\/media?parent=984"}],"wp:term":[{"taxonomy":"category","embeddable":true,"href":"https:\/\/www.centronocaminhodaluz.com.br\/index.php\/wp-json\/wp\/v2\/categories?post=984"},{"taxonomy":"post_tag","embeddable":true,"href":"https:\/\/www.centronocaminhodaluz.com.br\/index.php\/wp-json\/wp\/v2\/tags?post=984"}],"curies":[{"name":"wp","href":"https:\/\/api.w.org\/{rel}","templated":true}]}}